{"id":1990,"date":"2014-01-04T13:44:14","date_gmt":"2014-01-04T12:44:14","guid":{"rendered":"http:\/\/www.lagota.ch\/?p=1990"},"modified":"2014-01-04T13:45:47","modified_gmt":"2014-01-04T12:45:47","slug":"zureich-labitzke-besetzt","status":"publish","type":"post","link":"https:\/\/www.lagota.ch\/?p=1990","title":{"rendered":"Zureich: Labitzke besetzt"},"content":{"rendered":"<p>Guten Morgen!<\/p>\n<p>Wir haben die Geb\u00e4ude auf dem Labitzke-Areal besetzt.<\/p>\n<p><a href=\"https:\/\/www.lagota.ch\/wp-content\/uploads\/labitzke.jpg\"><img loading=\"lazy\" decoding=\"async\" class=\"alignleft size-full wp-image-1992\" title=\"labitzke\" src=\"https:\/\/www.lagota.ch\/wp-content\/uploads\/labitzke.jpg\" alt=\"\" width=\"378\" height=\"212\" srcset=\"https:\/\/www.lagota.ch\/wp-content\/uploads\/labitzke.jpg 640w, https:\/\/www.lagota.ch\/wp-content\/uploads\/labitzke-300x168.jpg 300w\" sizes=\"auto, (max-width: 378px) 100vw, 378px\" \/><\/a>Mit  dieser Aktion wollen wir die Pl\u00e4ne der Mobimo Holding AG durchkreuzen.  Der Immobilienmulti plant eine Wohn\u00fcberbauung f\u00fcr Besserverdienende.  Eine Baubewilligung steht der Mobimo noch aus, nicht einmal ein Gesuch  hat sie eingereicht. Bis Baubeginn werden wahrscheinlich noch einige  Jahre vergehen. Dennoch steht der Abriss von Geb\u00e4uden bevor, die bis  jetzt noch intensiv gebraucht werden und gegen ein  B\u00f6rsenspekulationsobjekt ausgetauscht werden sollen. Die bisherigen  Mieter_innen werden kaum im neuen Projekt unterkommen, weil sie sich die  k\u00fcnftigen Mieten nicht mehr leisten k\u00f6nnen.<\/p>\n<p>Deshalb sind wir  hier, haben \u00fcber Nacht Barrikaden aufgebaut und werden uns der weiteren  Zerst\u00f6rung bewohn- und anderweitig belebbarer R\u00e4ume in den Weg stellen.<\/p>\n<p>Wir  danken allen, die uns dabei unterst\u00fctzen und rufen euch auf,  vorbeizukommen und mitzubesetzen &#8211; und zwar bis die Mobimo geht!<\/p>\n<p>Warum besetzen?<\/p>\n<p>Die  Mobimo AG, seit 2011 Besitzerin des Areals, hat allen Mieter_innen auf  Anfang 2014 gek\u00fcndigt. Obwohl f\u00fcr ihr geplantes Neubauprojekt noch nicht  einmal eine Baubewilligung eingereicht worden ist, will die Mobimo die  Geb\u00e4ude schon jetzt abreissen und die Altlastensanierung durchf\u00fchren.  Die Bewilligungsphase f\u00fcr Projekte dieser Gr\u00f6ssenordnung dauert in der  Regel jedoch erheblich l\u00e4nger als Abbruch und Sanierung.<\/p>\n<p>Die Vorgehensweise der Mobimo&#8230;<\/p>\n<p>Bei  einem Wohnraum, der von den Mieter_innen bereits Mitte Dezember 2013  \u00fcbergeben wurde, hat die Mobimo unmittelbar nach der Schl\u00fcssel\u00fcbergabe  s\u00e4mtliche Fenster und Infrastruktur zerst\u00f6ren lassen. R\u00e4ume, die ohne  weiteres noch h\u00e4tten genutzt werden k\u00f6nnen, wurden mutwillig unbrauchbar  gemacht. Dies zeigt, dass bei dieser Immobilienfirma kein Verst\u00e4ndnis  f\u00fcr Menschen vorhanden ist, die dringend auf Wohn- und Arbeitsraum in  Z\u00fcrich angewiesen sind.<\/p>\n<p>&#8230;st\u00f6sst nicht nur bei uns auf Unverst\u00e4ndnis&#8230;<\/p>\n<p>Um  weitere unn\u00f6tigen Besch\u00e4digungen vorzubeugen, haben wir die leer  gewordenen Teile des Areals besetzt und werden die R\u00e4ume bis auf  weiteres beleben und erhalten. Wir lassen nicht zu, dass die Mobimo die  Geb\u00e4ude abreisst, nur um das Gel\u00e4nde danach \u00fcber Monate oder Jahre  hinweg brach liegen zu lassen.<\/p>\n<p>Wohlgemerkt: Nicht alle  Mieter_innen haben das Areal bereits verlassen. Mehrere Mietparteien  befinden sich noch immer auf dem Areal und bezahlen regul\u00e4r Miete. Eine  Mietpartei hat eine Verl\u00e4ngerung bis Ende Februar ausgehandelt, andere  boykottieren den Auszug und fechten ihre Ausweisung juristisch an. Auch  ihnen leuchtet nicht ein, warum ein Geb\u00e4ude abgerissen werden soll, noch  bevor eine Baubewilligung vorhanden ist.<\/p>\n<p>&#8230;und gliedert sich in die profitorientierte Wohnbaupolitik ein.<\/p>\n<p>Nat\u00fcrlich  l\u00e4sst sich mit schicken Eigentumswohnungen auf 14 Stockwerken mehr Geld  verdienen, als mit in die Jahre gekommenen Fabrikhallen. Die  b\u00f6rsenkotierte Mobimo Holding AG hat sich in den letzten Jahren auch  nicht gerade mit gemeinn\u00fctziger Wohnbaupolitik in der Stadt Z\u00fcrich  hervorgetan. Mit dem geplanten Neubau auf dem Labitzke-Areal sollen nun  einmal mehr die Interessen weniger privilegierter Bewohner_innen dieser  Stadt zugunsten einer reibungslosen Quartieraufwertung geopfert werden.  Die Mobimo verliert dabei nicht viel, wenn sie das Labitzke- Areal  einige Jahre brach liegen l\u00e4sst &#8211; f\u00fcr viele Bewohner_innen dieser Stadt  ist es jedoch schon von unsch\u00e4tzbarem Wert, ein Jahr lang eine  Lebensgrundlage zu haben.<\/p>\n<p>Deshalb sind wir hier und bleiben, zusammen mit den Mieter_innen dieses Areals.<\/p>\n<p>Quelle: <a href=\"http:\/\/ch.indymedia.org\/de\/2014\/01\/91135.shtml\" target=\"_blank\">http:\/\/ch.indymedia.org\/de\/2014\/01\/91135.shtml<\/a><\/p>\n","protected":false},"excerpt":{"rendered":"<p>Seit heute Nacht ist das von der Abriss auf Vorrat bedrohte Labitzke-Areal in Z\u00fcrich-Altstetten besetzt. Damit wird die auf heute angek\u00fcndigte Schl\u00fcssel\u00fcbergabe an die Mobimo und die mutwillige Unbewohnbarmachung von Wohn- und Kulturraum verhindert. <a href=\"https:\/\/www.lagota.ch\/?p=1990\">Continue reading <span class=\"meta-nav\">&rarr;<\/span><\/a><\/p>\n","protected":false},"author":1,"featured_media":0,"comment_status":"open","ping_status":"open","sticky":false,"template":"","format":"standard","meta":{"footnotes":""},"categories":[6,16,18],"tags":[615,92,616],"class_list":["post-1990","post","type-post","status-publish","format-standard","hentry","category-news","category-schweiz","category-squat-the-world","tag-labitzke","tag-squat","tag-zureich"],"_links":{"self":[{"href":"https:\/\/www.lagota.ch\/index.php?rest_route=\/wp\/v2\/posts\/1990","targetHints":{"allow":["GET"]}}],"collection":[{"href":"https:\/\/www.lagota.ch\/index.php?rest_route=\/wp\/v2\/posts"}],"about":[{"href":"https:\/\/www.lagota.ch\/index.php?rest_route=\/wp\/v2\/types\/post"}],"author":[{"embeddable":true,"href":"https:\/\/www.lagota.ch\/index.php?rest_route=\/wp\/v2\/users\/1"}],"replies":[{"embeddable":true,"href":"https:\/\/www.lagota.ch\/index.php?rest_route=%2Fwp%2Fv2%2Fcomments&post=1990"}],"version-history":[{"count":3,"href":"https:\/\/www.lagota.ch\/index.php?rest_route=\/wp\/v2\/posts\/1990\/revisions"}],"predecessor-version":[{"id":1994,"href":"https:\/\/www.lagota.ch\/index.php?rest_route=\/wp\/v2\/posts\/1990\/revisions\/1994"}],"wp:attachment":[{"href":"https:\/\/www.lagota.ch\/index.php?rest_route=%2Fwp%2Fv2%2Fmedia&parent=1990"}],"wp:term":[{"taxonomy":"category","embeddable":true,"href":"https:\/\/www.lagota.ch\/index.php?rest_route=%2Fwp%2Fv2%2Fcategories&post=1990"},{"taxonomy":"post_tag","embeddable":true,"href":"https:\/\/www.lagota.ch\/index.php?rest_route=%2Fwp%2Fv2%2Ftags&post=1990"}],"curies":[{"name":"wp","href":"https:\/\/api.w.org\/{rel}","templated":true}]}}