{"id":2000,"date":"2014-01-22T10:46:34","date_gmt":"2014-01-22T09:46:34","guid":{"rendered":"http:\/\/www.lagota.ch\/?p=2000"},"modified":"2014-01-22T10:46:34","modified_gmt":"2014-01-22T09:46:34","slug":"aktionstag-gegen-wef-und-kapital","status":"publish","type":"post","link":"https:\/\/www.lagota.ch\/?p=2000","title":{"rendered":"Aktionstag gegen WEF und Kapital!"},"content":{"rendered":"<p><em>Ob ihr wirklich richtig steht&#8230; <\/em><\/p>\n<p><a href=\"https:\/\/www.lagota.ch\/wp-content\/uploads\/WEF123.jpg\"><img loading=\"lazy\" decoding=\"async\" class=\"alignleft size-medium wp-image-2001\" title=\"WEF123\" src=\"https:\/\/www.lagota.ch\/wp-content\/uploads\/WEF123-212x300.jpg\" alt=\"\" width=\"212\" height=\"300\" srcset=\"https:\/\/www.lagota.ch\/wp-content\/uploads\/WEF123-212x300.jpg 212w, https:\/\/www.lagota.ch\/wp-content\/uploads\/WEF123.jpg 488w\" sizes=\"auto, (max-width: 212px) 100vw, 212px\" \/><\/a>Wenn sich im Januar zum X-ten Mal die Eliten aus   Wirtschaft, Politik, Wis- senschaft und Unterhaltung im verschneiten  Davos  treffen, j\u00e4hren sich auch die Proteste gegen dieses Treffen.  Darunter auch  Anl\u00e4sse, an denen nicht nur das WEF, sondern die  herrschenden Verh\u00e4ltnisse  \u00fcberhaupt themati- siert werden. Wie am  Donnerstag, dem 23. Januar 2014, in Bern.<\/p>\n<p>Die meisten Leser_innen k\u00fcmmert das wenig. So wie  dich gerade? Das w\u00e4re schade.<br \/>\nEs w\u00e4re n\u00e4mlich von Vorteil, wenn du dich daf\u00fcr  interessieren w\u00fcrdest \u2013<strong><em> denn es geht um dein Leben!<\/em><\/strong> Nein, keine  Sorge, <em>wir<\/em> wollen dir nicht an die Gurgel. Unser Anliegen ist es  aufzuzeigen wie  die kapitalistischen Verh\u00e4lt- nisse, in denen wir leben, sich <em>negativ<\/em> auf unser aller Leben auswirken! Und wir wollen dazu anregen, dass du dir  \u00fcberlegst ob du das Richtige tust, wenn du dich <em>positiv<\/em> zum  kapitalistischen Gesch\u00e4ft und zur staatlichen Ge- walt stellst.<\/p>\n<p>Wir f\u00fchren gerne aus warum wir zum Schluss  kommen, dass  es dir (wie dem Grossteil der Bev\u00f6lkerung) gar nicht gut bekommt,   wenn&#8230;<\/p>\n<p>&#8230; du Politiker_innen w\u00e4hlst, die <em>deine<\/em> Interessen vertreten sollen &#8211; dich dann aber <em>regieren<\/em> und wegen lauter <em>\u201eSachzw\u00e4ngen\u201c<\/em> Sparprogramme bei Dienstleistungen und Gesundheit durchsetzen, w\u00e4hrend  sie sich  selber die Entsch\u00e4digungen erh\u00f6hen und \u00a0Steuererleichterungen  f\u00fcr die  Reichen be- schliessen.<\/p>\n<p>&#8230;du dich f\u00fcr \u201edie Wirtschaft\u201c und den \u201eStandort  Schweiz\u201c  einsetzt \u00a0&#8211; und das f\u00fcr dich heisst, auf Lohnanspr\u00fcche und mehr  Ferien  zu verzichten, pro- duktiver zu arbeiten, also in der gleichen Zeit, bei   gleichem Lohn mehr zu leisten, um dann trotzdem keine  \u201eArbeitsplatzgarantie\u201c zu  haben.<\/p>\n<p>\u2026du dich freust, dass die Schweiz zu den  (erfolg)reichsten Nationen  geh\u00f6rt &#8211; dein Geld aber nur knapp zum Leben reicht  und du dir wegen der  Arbeits- belastung sorgen um das Familienleben und um deine   \u00a0Gesundheit machst.<\/p>\n<p>&#8230;du findest es sei eine \u00f6konomisch  Notwendigkeit, dass  die\u00a0 \u201eunsichtbare Hand des Marktes\u201c bzw. die Kriterien  von Konkurrenz  und Profit entschei- den, was zu welchen Bedingungen produziert  wird &#8211;  und nicht du und die anderen Menschen, die die G\u00fcter <em>brauchen und  herstellen.<\/p>\n<p><\/em>\u2026du es gut findest, dass Global Leaders   Verantwortung tragen und mitei- nander \u00fcber Gesch\u00e4fte, Umweltschutz und  den  Weltfrieden diskutieren &#8211; w\u00e4hrend Leute wie du und ich etwa  Baumaterial tragen,  unter den Folgen von ausgelaufenem \u00d6l und  explodierten AKWs leiden, ausgebeutet  und in Kriege geschickt werden&#8230;<\/p>\n<p><em>&#8230;seht ihr, wenn das Licht angeht!<\/em><\/p>\n","protected":false},"excerpt":{"rendered":"<p>Am 23. Januar 2014 findet um 18:30 Uhr auf dem Bahnhofsplatz in Bern ein Aktionstag mit Konzert von Holger Burner, Spiel, Bier und Grill statt. <a href=\"https:\/\/www.lagota.ch\/?p=2000\">Continue reading <span class=\"meta-nav\">&rarr;<\/span><\/a><\/p>\n","protected":false},"author":1,"featured_media":0,"comment_status":"open","ping_status":"open","sticky":false,"template":"","format":"standard","meta":{"footnotes":""},"categories":[49,14,6,16,18,4,19,108],"tags":[260,102,453,621,620,1153],"class_list":["post-2000","post","type-post","status-publish","format-standard","hentry","category-antirep","category-arbeitskampf","category-news","category-schweiz","category-squat-the-world","category-veranstaltung","category-wef","category-wirtschaftskrise","tag-aktionstag","tag-bern","tag-davos","tag-elite","tag-klaus-schwab","tag-wef"],"_links":{"self":[{"href":"https:\/\/www.lagota.ch\/index.php?rest_route=\/wp\/v2\/posts\/2000","targetHints":{"allow":["GET"]}}],"collection":[{"href":"https:\/\/www.lagota.ch\/index.php?rest_route=\/wp\/v2\/posts"}],"about":[{"href":"https:\/\/www.lagota.ch\/index.php?rest_route=\/wp\/v2\/types\/post"}],"author":[{"embeddable":true,"href":"https:\/\/www.lagota.ch\/index.php?rest_route=\/wp\/v2\/users\/1"}],"replies":[{"embeddable":true,"href":"https:\/\/www.lagota.ch\/index.php?rest_route=%2Fwp%2Fv2%2Fcomments&post=2000"}],"version-history":[{"count":2,"href":"https:\/\/www.lagota.ch\/index.php?rest_route=\/wp\/v2\/posts\/2000\/revisions"}],"predecessor-version":[{"id":2003,"href":"https:\/\/www.lagota.ch\/index.php?rest_route=\/wp\/v2\/posts\/2000\/revisions\/2003"}],"wp:attachment":[{"href":"https:\/\/www.lagota.ch\/index.php?rest_route=%2Fwp%2Fv2%2Fmedia&parent=2000"}],"wp:term":[{"taxonomy":"category","embeddable":true,"href":"https:\/\/www.lagota.ch\/index.php?rest_route=%2Fwp%2Fv2%2Fcategories&post=2000"},{"taxonomy":"post_tag","embeddable":true,"href":"https:\/\/www.lagota.ch\/index.php?rest_route=%2Fwp%2Fv2%2Ftags&post=2000"}],"curies":[{"name":"wp","href":"https:\/\/api.w.org\/{rel}","templated":true}]}}