{"id":2008,"date":"2014-01-29T15:55:19","date_gmt":"2014-01-29T14:55:19","guid":{"rendered":"http:\/\/www.lagota.ch\/?p=2008"},"modified":"2014-01-29T15:55:19","modified_gmt":"2014-01-29T14:55:19","slug":"videouberwachung-des-autonomen-zentrums-kts-freiburg","status":"publish","type":"post","link":"https:\/\/www.lagota.ch\/?p=2008","title":{"rendered":"Video\u00fcberwachung des Autonomen Zentrums KTS Freiburg"},"content":{"rendered":"<p><a href=\"https:\/\/www.lagota.ch\/wp-content\/uploads\/kts.jpg\"><img loading=\"lazy\" decoding=\"async\" class=\"alignleft size-medium wp-image-2009\" title=\"kts\" src=\"https:\/\/www.lagota.ch\/wp-content\/uploads\/kts-300x200.jpg\" alt=\"\" width=\"300\" height=\"200\" srcset=\"https:\/\/www.lagota.ch\/wp-content\/uploads\/kts-300x200.jpg 300w, https:\/\/www.lagota.ch\/wp-content\/uploads\/kts-1024x682.jpg 1024w\" sizes=\"auto, (max-width: 300px) 100vw, 300px\" \/><\/a>Das Autonome Zentrum KTS Freiburg in der Baslerstra\u00dfe 103 wurde am letzten Januar-Wochenende von der Polizei mit einer Videokamera \u00fcberwacht. Die Kamera war im 12. Stock des Hochhauses Sch\u00f6nbergstra\u00dfe 1 versteckt, das etwa 260 Meter von der KTS entfernt ist. W\u00e4hrend sich bis zum 11. Stockwerk Privatwohnungen befinden, besteht der 12. Stock aus Funktionsr\u00e4umen. Neben der gemeinschaftlich genutzten Waschk\u00fcche befinden sich dort mehrere kleine Technikr\u00e4ume, die f\u00fcr die BewohnerInnen nicht zug\u00e4nglich sind. In einem dieser abgeschlossenen R\u00e4ume stand die Kamera an einem Richtung KTS zeigenden Fenster. Ein Stromkabel war vom danebenliegenden Fenster au\u00dfen \u00fcbers Dach zu einem weiteren verschlossenen Raum verlegt und f\u00fchrte dort in eine Steckdose. Die Kamera befand sich auf einem Stativ und war so aufgestellt, dass sie \u00fcber das gekippte Fenster direkt auf die Nordwestseite der KTS sehen konnte. Insbesondere konnte sie alle Personen filmen, die die KTS \u00fcber den Haupteingang betreten oder verlassen haben.<\/p>\n<p>Am Samstag, den 25. Januar, fand in der KTS eine Infoveranstaltung zu \u201eRechtspopulismus in Deutschland und Europa\u201c statt. Anschlie\u00dfend gab es eine Solidarit\u00e4ts-Party mit Konzerten, um Geld f\u00fcr Anwalts- und Gerichtskosten zu sammeln. Au\u00dferdem hatte Indymedia linksunten urspr\u00fcnglich f\u00fcr dieses Wochenende zum 13. linksunten-Treffen anl\u00e4sslich des f\u00fcnfj\u00e4hrigen Bestehens der unabh\u00e4ngigen Nachrichtenseite in die KTS eingeladen, dieses Treffen war jedoch kurzfristig verlegt worden. Daneben gab es noch regelm\u00e4\u00dfige Aktivit\u00e4ten wie die Nutzung der Siebdruckwerkstatt oder Besuche des Info- und Umsonstladens. Insgesamt d\u00fcrften weit \u00fcber hundert Personen von den \u00dcberwachungsma\u00dfnahmen betroffen gewesen sein.<\/p>\n<p>Das Filmen der Eingangst\u00fcr eines Autonomen Zentrums kann in unseren Augen nur der allgemeinen Ausforschung der linken Szene dienen. Die Polizei hat hier geheimdienstliche Methoden zum Erreichen geheimdienstlicher Ziele angewandt. Das exzessive Filmen eines politischen Kulturzentrums aus einem Wohnhochhaus wirft einige Fragen auf: Hat die Sprenker K\u00f6llmann Immobilien GmbH als Hausverwaltung der Polizei Zugang zu den R\u00e4umlichkeiten gew\u00e4hrt? Auf welcher Rechtsgrundlage wurde die \u00dcberwachungsma\u00dfnahme von wem angefordert, durch wen wurde sie genehmigt, wer wusste davon und welche Beh\u00f6rde hat sie ausgef\u00fchrt? Was ist der Grund und welche Personen waren Ziel der \u00dcberwachung? Wurde die KTS Freiburg auch schon in der Vergangenheit gefilmt?<\/p>\n<p>Im M\u00e4rz 2009 forderten Stadtr\u00e4tinnen und Stadtr\u00e4te der Gr\u00fcnen Gemeinderatsfraktion in Freiburg den damaligen Leitenden Polizeidirektor und CDU-Mitglied Heiner Amann in einem offenen Brief auf, die Kriminalisierung der KTS zu beenden und zur \u201etraditionell liberalen Freiburger Linie\u201c zur\u00fcckzukehren. Mittlerweile ist die CDU in Baden-W\u00fcrttemberg abgew\u00e4hlt und Amann wurde von Gr\u00fcnen und SPD in den Ruhestand versetzt, doch die Kriminalisierung der KTS geht auch unter der gr\u00fcn-roten Landesregierung weiter. Wer ist politisch verantwortlich f\u00fcr diesen Aussp\u00e4h- und Einsch\u00fcchterungsversuch? Wir fordern Aufkl\u00e4rung, Transparenz und die L\u00f6schung des gesamten Bildmaterials!<\/p>\n<p>Keine Kriminalisierung autonomer Politik und Kultur!<\/p>\n<p>Quelle: <a href=\"https:\/\/linksunten.indymedia.org\/de\/node\/104685\">https:\/\/linksunten.indymedia.org\/de\/node\/104685<\/a><\/p>\n","protected":false},"excerpt":{"rendered":"<p>Das Autonome Zentrum KTS Freiburg in der Baslerstra\u00dfe 103 wurde am letzten Januar-Wochenende von der Polizei mit einer Videokamera \u00fcberwacht. Die Kamera war im 12. Stock des Hochhauses Sch\u00f6nbergstra\u00dfe 1 versteckt, das etwa 260 Meter von der KTS entfernt ist. W\u00e4hrend sich bis zum 11. Stockwerk Privatwohnungen befinden, besteht der 12. Stock aus Funktionsr\u00e4umen.  <a href=\"https:\/\/www.lagota.ch\/?p=2008\">Continue reading <span class=\"meta-nav\">&rarr;<\/span><\/a><\/p>\n","protected":false},"author":1,"featured_media":0,"comment_status":"open","ping_status":"open","sticky":false,"template":"","format":"standard","meta":{"footnotes":""},"categories":[49,18],"tags":[520,625,626],"class_list":["post-2008","post","type-post","status-publish","format-standard","hentry","category-antirep","category-squat-the-world","tag-autonomes-zentrum","tag-kts","tag-videouberwachung"],"_links":{"self":[{"href":"https:\/\/www.lagota.ch\/index.php?rest_route=\/wp\/v2\/posts\/2008","targetHints":{"allow":["GET"]}}],"collection":[{"href":"https:\/\/www.lagota.ch\/index.php?rest_route=\/wp\/v2\/posts"}],"about":[{"href":"https:\/\/www.lagota.ch\/index.php?rest_route=\/wp\/v2\/types\/post"}],"author":[{"embeddable":true,"href":"https:\/\/www.lagota.ch\/index.php?rest_route=\/wp\/v2\/users\/1"}],"replies":[{"embeddable":true,"href":"https:\/\/www.lagota.ch\/index.php?rest_route=%2Fwp%2Fv2%2Fcomments&post=2008"}],"version-history":[{"count":2,"href":"https:\/\/www.lagota.ch\/index.php?rest_route=\/wp\/v2\/posts\/2008\/revisions"}],"predecessor-version":[{"id":2011,"href":"https:\/\/www.lagota.ch\/index.php?rest_route=\/wp\/v2\/posts\/2008\/revisions\/2011"}],"wp:attachment":[{"href":"https:\/\/www.lagota.ch\/index.php?rest_route=%2Fwp%2Fv2%2Fmedia&parent=2008"}],"wp:term":[{"taxonomy":"category","embeddable":true,"href":"https:\/\/www.lagota.ch\/index.php?rest_route=%2Fwp%2Fv2%2Fcategories&post=2008"},{"taxonomy":"post_tag","embeddable":true,"href":"https:\/\/www.lagota.ch\/index.php?rest_route=%2Fwp%2Fv2%2Ftags&post=2008"}],"curies":[{"name":"wp","href":"https:\/\/api.w.org\/{rel}","templated":true}]}}