{"id":2016,"date":"2014-02-19T08:32:21","date_gmt":"2014-02-19T07:32:21","guid":{"rendered":"http:\/\/www.lagota.ch\/?p=2016"},"modified":"2014-02-19T12:57:04","modified_gmt":"2014-02-19T11:57:04","slug":"buchprasentation-europas-radikale-rechte-mit-andreas-speit","status":"publish","type":"post","link":"https:\/\/www.lagota.ch\/?p=2016","title":{"rendered":"23. Februar: Buchpr\u00e4sentation &#8220;Europas radikale Rechte&#8221; mit Andreas Speit"},"content":{"rendered":"<p><strong>19.00 Uhr<br \/>\nNeubad Luzern<\/strong><\/p>\n<p><a href=\"https:\/\/www.lagota.ch\/wp-content\/uploads\/Plakat_Lesung230214.jpg\"><img loading=\"lazy\" decoding=\"async\" class=\"alignleft size-medium wp-image-2021\" title=\"Plakat_Lesung230214\" src=\"https:\/\/www.lagota.ch\/wp-content\/uploads\/Plakat_Lesung230214-212x300.jpg\" alt=\"\" width=\"212\" height=\"300\" srcset=\"https:\/\/www.lagota.ch\/wp-content\/uploads\/Plakat_Lesung230214-212x300.jpg 212w, https:\/\/www.lagota.ch\/wp-content\/uploads\/Plakat_Lesung230214-723x1024.jpg 723w, https:\/\/www.lagota.ch\/wp-content\/uploads\/Plakat_Lesung230214.jpg 842w\" sizes=\"auto, (max-width: 212px) 100vw, 212px\" \/><\/a>Die radikale Rechte hat hohe Erwartungen. Bei der Europawahl 2014 wollen verschiedenste Parteien aus zahlreichen L\u00e4ndern vom rechten Rand in das Europaparlament ziehen. Seit Jahren eint diese Parteien und Bewegungen zwischen Rechtspopulismus und Rechtsextremismus das Nein zur Europ\u00e4ischen Union. Ein Nein zur EU bedeutet aber kein Nein zur Europawahl. In Br\u00fcssel wollen sie sich gegen das \u00bbV\u00f6lkergef\u00e4ngnis\u00ab, das \u00bbB\u00fcrokraten, Wirtschaftslobbyisten und Einwanderungsideologen errichtet\u00ab h\u00e4tten, einsetzen. Aufgreifen werden sie auch die bestehenden Sorgen wegen des Euro und die sich verfestigenden \u00c4ngste gegen den Islamismus. Von den gesellschaftlichen R\u00e4ndern bewegen sich auch subkulturelle Netzwerke zur Mitte der Politik. Wie viel Gefahr droht Europa von rechts?, fragen Martin Langebach und Andreas Speit.In Reportagen wird erstmals ein gesamteurop\u00e4ischer \u00dcberblick \u00fcber die wichtigsten Parteien, Bewegungen und Subkulturen der radikalen Rechten gegeben. Mittels aktueller Studien, Dokumenten aus privaten und \u00f6ffentlichen Archiven sowie Informanten aus der Szene beschreiben die beiden Autoren Strategie, Programmatik, Organisation und Vernetzung der verschiedenen Gruppierungen. Erg\u00e4nzt durch Interviews vor Ort aus \u00fcber elf L\u00e4ndern sowie Berichten von Veranstaltungen und Demonstrationen, an denen die Autoren undercover teilgenommen haben, entsteht ein pr\u00e4zises Bild der aktuellen Situation.<\/p>\n","protected":false},"excerpt":{"rendered":"<p>19.00 Uhr<br \/>\nNeubad Luzern<\/p>\n<p>Die radikale Rechte hat hohe Erwartungen. Bei der Europawahl 2014 wollen verschiedenste Parteien aus zahlreichen L\u00e4ndern vom rechten Rand in das Europaparlament ziehen. Seit Jahren eint diese Parteien und Bewegungen zwischen Rechtspopulismus und Rechtsextremismus das Nein zur Europ\u00e4ischen Union. <a href=\"https:\/\/www.lagota.ch\/?p=2016\">Continue reading <span class=\"meta-nav\">&rarr;<\/span><\/a><\/p>\n","protected":false},"author":1,"featured_media":0,"comment_status":"open","ping_status":"open","sticky":false,"template":"","format":"standard","meta":{"footnotes":""},"categories":[13,10,3,4,108],"tags":[632,633,1146,631,630],"class_list":["post-2016","post","type-post","status-publish","format-standard","hentry","category-antifa","category-aus-aller-welt","category-lagota","category-veranstaltung","category-wirtschaftskrise","tag-andreas-speit","tag-buchprasentation","tag-lagota","tag-neubad","tag-radikale-rechte"],"_links":{"self":[{"href":"https:\/\/www.lagota.ch\/index.php?rest_route=\/wp\/v2\/posts\/2016","targetHints":{"allow":["GET"]}}],"collection":[{"href":"https:\/\/www.lagota.ch\/index.php?rest_route=\/wp\/v2\/posts"}],"about":[{"href":"https:\/\/www.lagota.ch\/index.php?rest_route=\/wp\/v2\/types\/post"}],"author":[{"embeddable":true,"href":"https:\/\/www.lagota.ch\/index.php?rest_route=\/wp\/v2\/users\/1"}],"replies":[{"embeddable":true,"href":"https:\/\/www.lagota.ch\/index.php?rest_route=%2Fwp%2Fv2%2Fcomments&post=2016"}],"version-history":[{"count":6,"href":"https:\/\/www.lagota.ch\/index.php?rest_route=\/wp\/v2\/posts\/2016\/revisions"}],"predecessor-version":[{"id":2023,"href":"https:\/\/www.lagota.ch\/index.php?rest_route=\/wp\/v2\/posts\/2016\/revisions\/2023"}],"wp:attachment":[{"href":"https:\/\/www.lagota.ch\/index.php?rest_route=%2Fwp%2Fv2%2Fmedia&parent=2016"}],"wp:term":[{"taxonomy":"category","embeddable":true,"href":"https:\/\/www.lagota.ch\/index.php?rest_route=%2Fwp%2Fv2%2Fcategories&post=2016"},{"taxonomy":"post_tag","embeddable":true,"href":"https:\/\/www.lagota.ch\/index.php?rest_route=%2Fwp%2Fv2%2Ftags&post=2016"}],"curies":[{"name":"wp","href":"https:\/\/api.w.org\/{rel}","templated":true}]}}