{"id":2038,"date":"2014-03-06T09:17:37","date_gmt":"2014-03-06T08:17:37","guid":{"rendered":"http:\/\/www.lagota.ch\/?p=2038"},"modified":"2014-03-06T09:17:37","modified_gmt":"2014-03-06T08:17:37","slug":"massenwandern-in-zurich","status":"publish","type":"post","link":"https:\/\/www.lagota.ch\/?p=2038","title":{"rendered":"Massenwandern in Z\u00fcrich"},"content":{"rendered":"<p>RANDONNONS EN MASSE<br \/>\nANDIAMO A PROTESTARE TUTTI UNITI<br \/>\n<strong><br \/>\nDemo am 15. M\u00e4rz, 14.00 Uhr, B\u00fcrkliplatz\u00a0\tZ\u00fcrich<\/strong><\/p>\n<p><a href=\"https:\/\/www.lagota.ch\/wp-content\/uploads\/mw_d2.jpg\"><img loading=\"lazy\" decoding=\"async\" class=\"alignleft size-full wp-image-2039\" title=\"mw_d2\" src=\"https:\/\/www.lagota.ch\/wp-content\/uploads\/mw_d2.jpg\" alt=\"\" width=\"437\" height=\"620\" srcset=\"https:\/\/www.lagota.ch\/wp-content\/uploads\/mw_d2.jpg 437w, https:\/\/www.lagota.ch\/wp-content\/uploads\/mw_d2-211x300.jpg 211w\" sizes=\"auto, (max-width: 437px) 100vw, 437px\" \/><\/a>Gehen wir zusammen auf die Strasse f\u00fcr eine offene und solidarische  Gesellschaft, gegen Rassismus und Fremdenfeindlichkeit, gegen Spaltung  und Hetze. Die Debatte ist mit der letzten Abstimmung nicht  abgeschlossen! Es gibt Platz genug, wir bleiben alle.<\/p>\n<p>Lasst uns massenwandern: 15. M\u00e4rz, Besammlung 14:00 Uhr, B\u00fcrkliplatz.<br \/>\nSenf dazu:  <a rel=\"nofollow nofollow\" href=\"http:\/\/massenwandern.wordpress.com\/\" target=\"_blank\">http:\/\/massenwandern.wordpress.com\/<\/a><\/p>\n<p>Descendons toutes et tous dans la rue: pour une soci\u00e9t\u00e9 ouverte et  solidaire, contre le racisme et la x\u00e9nophobie, contre le clivage et le  d\u00e9nigrement. Apr\u00e8s le 9 f\u00e9vrier, le d\u00e9bat n&#8217;est pas cl\u00f4t! Nous ne sommes  pas \u00e0 l&#8217;\u00e9troit, restons toutes et tous!<\/p>\n<p>Andiamo tutti inseime a  riunirci in strada per solidarieta contro il razzismo e l&#8217;xenofobia,  contro la divisione e la diffamazione. Il dibattito non \u00e9 stato chiuso  con le ultimo elezioni. C&#8217;\u00e9 abbastanza posto. Noi dobbiamo rimanere.<\/p>\n<p>Quelle: <a href=\"http:\/\/massenwandern.wordpress.com\/\" target=\"_blank\">http:\/\/massenwandern.wordpress.com\/<\/a><\/p>\n","protected":false},"excerpt":{"rendered":"<p>Gehen wir zusammen auf die Strasse f\u00fcr eine offene und solidarische Gesellschaft, gegen Rassismus und Fremdenfeindlichkeit, gegen Spaltung und Hetze. Die Debatte ist mit der letzten Abstimmung nicht abgeschlossen! Es gibt Platz genug, wir bleiben alle.  <a href=\"https:\/\/www.lagota.ch\/?p=2038\">Continue reading <span class=\"meta-nav\">&rarr;<\/span><\/a><\/p>\n","protected":false},"author":1,"featured_media":0,"comment_status":"open","ping_status":"open","sticky":false,"template":"","format":"standard","meta":{"footnotes":""},"categories":[1],"tags":[],"class_list":["post-2038","post","type-post","status-publish","format-standard","hentry","category-uncategorized"],"_links":{"self":[{"href":"https:\/\/www.lagota.ch\/index.php?rest_route=\/wp\/v2\/posts\/2038","targetHints":{"allow":["GET"]}}],"collection":[{"href":"https:\/\/www.lagota.ch\/index.php?rest_route=\/wp\/v2\/posts"}],"about":[{"href":"https:\/\/www.lagota.ch\/index.php?rest_route=\/wp\/v2\/types\/post"}],"author":[{"embeddable":true,"href":"https:\/\/www.lagota.ch\/index.php?rest_route=\/wp\/v2\/users\/1"}],"replies":[{"embeddable":true,"href":"https:\/\/www.lagota.ch\/index.php?rest_route=%2Fwp%2Fv2%2Fcomments&post=2038"}],"version-history":[{"count":2,"href":"https:\/\/www.lagota.ch\/index.php?rest_route=\/wp\/v2\/posts\/2038\/revisions"}],"predecessor-version":[{"id":2041,"href":"https:\/\/www.lagota.ch\/index.php?rest_route=\/wp\/v2\/posts\/2038\/revisions\/2041"}],"wp:attachment":[{"href":"https:\/\/www.lagota.ch\/index.php?rest_route=%2Fwp%2Fv2%2Fmedia&parent=2038"}],"wp:term":[{"taxonomy":"category","embeddable":true,"href":"https:\/\/www.lagota.ch\/index.php?rest_route=%2Fwp%2Fv2%2Fcategories&post=2038"},{"taxonomy":"post_tag","embeddable":true,"href":"https:\/\/www.lagota.ch\/index.php?rest_route=%2Fwp%2Fv2%2Ftags&post=2038"}],"curies":[{"name":"wp","href":"https:\/\/api.w.org\/{rel}","templated":true}]}}