{"id":2042,"date":"2014-03-19T20:09:57","date_gmt":"2014-03-19T19:09:57","guid":{"rendered":"http:\/\/www.lagota.ch\/?p=2042"},"modified":"2014-03-19T20:09:57","modified_gmt":"2014-03-19T19:09:57","slug":"kein-platz-fur-neonazis-und-nationalisten-haltet-euch-bereit-fur-den-29-marz","status":"publish","type":"post","link":"https:\/\/www.lagota.ch\/?p=2042","title":{"rendered":"Kein Platz f\u00fcr Neonazis und Nationalisten &#8211; Haltet Euch bereit f\u00fcr den 29. M\u00e4rz"},"content":{"rendered":"<p>Der Rechtsrutsch in der Schweiz ist  unertr\u00e4glich: Fremdenfeindliche und rassistische Ideologien haben  Oberwasser. Nach der Annahme der \u201eMasseneinwanderungsinitiative\u201c demonstrierten bekennende Neonazis in Solothurn und am 29. M\u00e4rz will ein Gruselkabinett aus SVP-Anh\u00e4nger_innen,  Nationalist_innen und Neonazis in Bern gegen die angeblich  vorherrschende Kuscheljustiz und f\u00fcr die h\u00e4rtere Bestrafung von  Ausl\u00e4nder_innen demonstrieren.<\/p>\n<p><a href=\"https:\/\/www.lagota.ch\/wp-content\/uploads\/bernnazifrei1.jpg\"><img loading=\"lazy\" decoding=\"async\" class=\"alignleft size-full wp-image-2043\" title=\"bernnazifrei\" src=\"https:\/\/www.lagota.ch\/wp-content\/uploads\/bernnazifrei1.jpg\" alt=\"\" width=\"720\" height=\"266\" srcset=\"https:\/\/www.lagota.ch\/wp-content\/uploads\/bernnazifrei1.jpg 720w, https:\/\/www.lagota.ch\/wp-content\/uploads\/bernnazifrei1-300x110.jpg 300w\" sizes=\"auto, (max-width: 720px) 100vw, 720px\" \/><\/a>Darauf haben wir keinen Bock.  Wir wollen diesen r\u00fcckw\u00e4rtsgewanndten Fremdenfeinden in Bern keine  Plattform bieten. Unsere Stadt bleibt Nazifrei! Kein Fussbreit den  Faschisten!<\/p>\n<p>Wir besetzen den Bundsplatz bevor die  selbsternannten \u201ePatriot_innen\u201c dort ihre Propaganda machen k\u00f6nnen und  rufen alle auf, sich an der Blockade des Bundesplatzes zu beteiligen.<\/p>\n<p>Treffpunkt 13:30 Uhr! Bundesplatz, Bern.<\/p>\n<p>Kein Platz f\u00fcr Nazis und Nationalist_innen \u2013 Bern bleibt bunt!<\/p>\n<p><a rel=\"nofollow nofollow\" href=\"http:\/\/bernbleibtnazifrei.noblogs.org\/\" target=\"_blank\">http:\/\/bernbleibtnazifrei.noblogs.org\/<\/a><\/p>\n<p><a rel=\"nofollow nofollow\" href=\"https:\/\/www.facebook.com\/l.php?u=https%3A%2F%2Ftwitter.com%2Fbernnazifrei&amp;h=QAQEaHul8&amp;enc=AZPVbnWLJZeexBvwo7n2SaBliqcx37vWprhc2iGjlGVzKKd-tQ3Kb8tgOw6iWLbj2k0&amp;s=1\" target=\"_blank\">https:\/\/twitter.com\/bernnazifrei<\/a><\/p>\n<p>Anschliessendes Fest in der Reitschule:<\/p>\n<p><a rel=\"nofollow\" href=\"https:\/\/www.facebook.com\/events\/405146699622007\/?ref=3&amp;ref_newsfeed_story_type=regular\">https:\/\/www.facebook.com\/events\/405146699622007\/?ref=3&amp;ref_newsfeed_story_type=regular<\/a><\/p>\n","protected":false},"excerpt":{"rendered":"<p>Der Rechtsrutsch in der Schweiz ist unertr\u00e4glich: Fremdenfeindliche und rassistische Ideologien haben Oberwasser. Nach der Annahme der \u201eMasseneinwanderungsinitiative\u201c demonstrierten bekennende Neonazis in Solothurn und am 29. M\u00e4rz will ein Gruselkabinett aus SVP-Anh\u00e4nger_innen, Nationalist_innen und Neonazis in Bern gegen die angeblich vorherrschende Kuscheljustiz und f\u00fcr die h\u00e4rtere Bestrafung von Ausl\u00e4nder_innen demonstrieren. <a href=\"https:\/\/www.lagota.ch\/?p=2042\">Continue reading <span class=\"meta-nav\">&rarr;<\/span><\/a><\/p>\n","protected":false},"author":1,"featured_media":0,"comment_status":"open","ping_status":"open","sticky":false,"template":"","format":"standard","meta":{"footnotes":""},"categories":[13,16],"tags":[102,627,641],"class_list":["post-2042","post","type-post","status-publish","format-standard","hentry","category-antifa","category-schweiz","tag-bern","tag-nazifrei","tag-reaktionare"],"_links":{"self":[{"href":"https:\/\/www.lagota.ch\/index.php?rest_route=\/wp\/v2\/posts\/2042","targetHints":{"allow":["GET"]}}],"collection":[{"href":"https:\/\/www.lagota.ch\/index.php?rest_route=\/wp\/v2\/posts"}],"about":[{"href":"https:\/\/www.lagota.ch\/index.php?rest_route=\/wp\/v2\/types\/post"}],"author":[{"embeddable":true,"href":"https:\/\/www.lagota.ch\/index.php?rest_route=\/wp\/v2\/users\/1"}],"replies":[{"embeddable":true,"href":"https:\/\/www.lagota.ch\/index.php?rest_route=%2Fwp%2Fv2%2Fcomments&post=2042"}],"version-history":[{"count":2,"href":"https:\/\/www.lagota.ch\/index.php?rest_route=\/wp\/v2\/posts\/2042\/revisions"}],"predecessor-version":[{"id":2045,"href":"https:\/\/www.lagota.ch\/index.php?rest_route=\/wp\/v2\/posts\/2042\/revisions\/2045"}],"wp:attachment":[{"href":"https:\/\/www.lagota.ch\/index.php?rest_route=%2Fwp%2Fv2%2Fmedia&parent=2042"}],"wp:term":[{"taxonomy":"category","embeddable":true,"href":"https:\/\/www.lagota.ch\/index.php?rest_route=%2Fwp%2Fv2%2Fcategories&post=2042"},{"taxonomy":"post_tag","embeddable":true,"href":"https:\/\/www.lagota.ch\/index.php?rest_route=%2Fwp%2Fv2%2Ftags&post=2042"}],"curies":[{"name":"wp","href":"https:\/\/api.w.org\/{rel}","templated":true}]}}