{"id":2046,"date":"2014-03-21T17:53:39","date_gmt":"2014-03-21T16:53:39","guid":{"rendered":"http:\/\/www.lagota.ch\/?p=2046"},"modified":"2014-03-21T17:53:39","modified_gmt":"2014-03-21T16:53:39","slug":"keine-raumung-von-labitzke-und-abs","status":"publish","type":"post","link":"https:\/\/www.lagota.ch\/?p=2046","title":{"rendered":"Keine R\u00e4umung von Labitzke und ABS"},"content":{"rendered":"<p>Ab dem 24.M\u00e4rz veranstalten wir eine BeFESTigungswoche. Kommt aufs Gel\u00e4nde, kommt in die Stadt, bringt euch ein!<\/p>\n<p><a href=\"https:\/\/www.lagota.ch\/wp-content\/uploads\/labitzke1.jpg\"><img loading=\"lazy\" decoding=\"async\" class=\"alignleft size-full wp-image-2047\" title=\"labitzke\" src=\"https:\/\/www.lagota.ch\/wp-content\/uploads\/labitzke1.jpg\" alt=\"\" width=\"464\" height=\"261\" srcset=\"https:\/\/www.lagota.ch\/wp-content\/uploads\/labitzke1.jpg 640w, https:\/\/www.lagota.ch\/wp-content\/uploads\/labitzke1-300x168.jpg 300w\" sizes=\"auto, (max-width: 464px) 100vw, 464px\" \/><\/a>Gem\u00e4ss Verlautbarungen des Stadtrates von Zureich soll der ABS und das gesamte Labitzke-Areal ab dem 1.April (haha) ger\u00e4umt und abgebrochen werden. Dass es sich um einen Abbruch auf Vorrat handelt, vergleichbar mit der Binz-Brache, wird nat\u00fcrlich nicht offen eingestanden sondern mit fadenscheinigen Argumenten heruntergespielt. Fakt aber ist und bleibt: es ist noch nicht mal ein Baugesuch seitens der Besitzerin Mobimo eingereicht worden!<br \/>\nDiese Tatsache, neben vielen weiteren triftigen Gr\u00fcnden, veranlasst uns dazu Widerstand zu leisten, d.h. wir werden das Gel\u00e4nde nicht freiwillig verlassen und uns gegen allf\u00e4llige polizeiliche R\u00e4umungsbestrebungen zur Wehr setzen.<br \/>\nDamit dieser Widerstand erfolgreich sein wird brauchen wir eure Unterst\u00fctzung. Ihr Alle seid somit eingeladen euch dem Kampf f\u00fcr ABS und Labitzke anzuschliessen. Damit wird gleichzeitig auch ein starkes Zeichen gegen die gegenw\u00e4rtige Stadtentwicklung gesetzt.<br \/>\nEin Ultimatum mit einem konkreten R\u00e4umungsdatum ist uns bis dato noch nicht bekannt doch die Vorbereitung ist ja bekanntlich schon die halbe Schlacht. Aber keine Angst, willkommen sind nat\u00fcrlich s\u00e4mtliche Aktionsformen, selbstverst\u00e4ndlich auch witzige, und sollen nebeneinander Platz finden. Also in diesem Sinne: GET ORGANIZED!<br \/>\nAb dem 24.M\u00e4rz veranstalten wir eine BeFESTigungswoche. Kommt aufs Gel\u00e4nde, kommt in die Stadt, bringt euch ein!<\/p>\n<p>BeFESTigungswoche provisorisches Programm:<\/p>\n<p>SO 23.3. Crust-matinee Konzert 14.00, Vok\u00fc 19.00 im ABS<br \/>\nMO 24.3. Fahrr\u00e4der bauen mit BAR und DJ<br \/>\nDI 25.3. Excursion<br \/>\nMI 26.3. Barribautag<br \/>\n18.00 sondersendung Radio loRA live,<br \/>\n19.00 vok\u00fc im ABS<br \/>\n20.00 Politkuchi mit dem Revolution\u00e4ren B\u00fcndnis im<br \/>\nABS<br \/>\n22.00 Inzestbar im ABS<br \/>\nDO 27.3. ganzer Tag Barri &#8211; Bauen<br \/>\n19.00 vok\u00fc<br \/>\nFR 28.3. ganzer Tag Barri &#8211; Bauen<br \/>\n14.00 Barrikaden Workshop<br \/>\n19.00 lalabitzke \u2013vok\u00fc<br \/>\nSA 29.3 ganzer Tag Barri &#8211; Bauen<br \/>\nSO 30.3. ganzer Tag Barri &#8211; Bauen<br \/>\n19.00 sicherlich nicht letzte Abs-Vok\u00fc<br \/>\n21.00 M\u00fchlheim Asozi<\/p>\n<p>MO:31.3 vorl\u00e4ufiges Ende der BeFESTigungswoche, Rekapitulation und wie schauts \u00fcberhaupt aus??? \u2013 sitzung!!<\/p>\n<p>Also, ihr seht, es hat noch viel platz f\u00fcr eure Ideen, schreibt ein e-mail an:  wirbleibenfarbig@gmail.com auch f\u00fcr Fragen, Schlafm\u00f6glichkeiten, Ermutigungen, Kritik, Tips etc. Noch besser: kommt einfach her! Hohlstr.481, Zureich<\/p>\n<p>Quelle: <a href=\"http:\/\/ch.indymedia.org\/de\/2014\/03\/91723.shtml\" target=\"_blank\">http:\/\/ch.indymedia.org\/de\/2014\/03\/91723.shtml<\/a><\/p>\n","protected":false},"excerpt":{"rendered":"<p> Ab dem 24.M\u00e4rz veranstalten wir eine BeFESTigungswoche. Kommt aufs Gel\u00e4nde, kommt in die Stadt, bringt euch ein! <a href=\"https:\/\/www.lagota.ch\/?p=2046\">Continue reading <span class=\"meta-nav\">&rarr;<\/span><\/a><\/p>\n","protected":false},"author":1,"featured_media":0,"comment_status":"open","ping_status":"open","sticky":false,"template":"","format":"standard","meta":{"footnotes":""},"categories":[16,18,4],"tags":[642,615,95,27,92,616,121],"class_list":["post-2046","post","type-post","status-publish","format-standard","hentry","category-schweiz","category-squat-the-world","category-veranstaltung","tag-abs","tag-labitzke","tag-raumung","tag-repression","tag-squat","tag-zureich","tag-zurich"],"_links":{"self":[{"href":"https:\/\/www.lagota.ch\/index.php?rest_route=\/wp\/v2\/posts\/2046","targetHints":{"allow":["GET"]}}],"collection":[{"href":"https:\/\/www.lagota.ch\/index.php?rest_route=\/wp\/v2\/posts"}],"about":[{"href":"https:\/\/www.lagota.ch\/index.php?rest_route=\/wp\/v2\/types\/post"}],"author":[{"embeddable":true,"href":"https:\/\/www.lagota.ch\/index.php?rest_route=\/wp\/v2\/users\/1"}],"replies":[{"embeddable":true,"href":"https:\/\/www.lagota.ch\/index.php?rest_route=%2Fwp%2Fv2%2Fcomments&post=2046"}],"version-history":[{"count":2,"href":"https:\/\/www.lagota.ch\/index.php?rest_route=\/wp\/v2\/posts\/2046\/revisions"}],"predecessor-version":[{"id":2049,"href":"https:\/\/www.lagota.ch\/index.php?rest_route=\/wp\/v2\/posts\/2046\/revisions\/2049"}],"wp:attachment":[{"href":"https:\/\/www.lagota.ch\/index.php?rest_route=%2Fwp%2Fv2%2Fmedia&parent=2046"}],"wp:term":[{"taxonomy":"category","embeddable":true,"href":"https:\/\/www.lagota.ch\/index.php?rest_route=%2Fwp%2Fv2%2Fcategories&post=2046"},{"taxonomy":"post_tag","embeddable":true,"href":"https:\/\/www.lagota.ch\/index.php?rest_route=%2Fwp%2Fv2%2Ftags&post=2046"}],"curies":[{"name":"wp","href":"https:\/\/api.w.org\/{rel}","templated":true}]}}