{"id":2067,"date":"2014-04-07T17:16:30","date_gmt":"2014-04-07T16:16:30","guid":{"rendered":"http:\/\/www.lagota.ch\/?p=2067"},"modified":"2014-04-07T17:16:30","modified_gmt":"2014-04-07T16:16:30","slug":"veloparade-am-17-mai-in-luzern","status":"publish","type":"post","link":"https:\/\/www.lagota.ch\/?p=2067","title":{"rendered":"Veloparade am 17. Mai in Luzern"},"content":{"rendered":"<p><a href=\"https:\/\/www.lagota.ch\/wp-content\/uploads\/cm_14.jpg\"><img loading=\"lazy\" decoding=\"async\" class=\"alignleft size-medium wp-image-2068\" alt=\"cm_14\" src=\"https:\/\/www.lagota.ch\/wp-content\/uploads\/cm_14-212x300.jpg\" width=\"212\" height=\"300\" srcset=\"https:\/\/www.lagota.ch\/wp-content\/uploads\/cm_14-212x300.jpg 212w, https:\/\/www.lagota.ch\/wp-content\/uploads\/cm_14-724x1024.jpg 724w, https:\/\/www.lagota.ch\/wp-content\/uploads\/cm_14.jpg 1181w\" sizes=\"auto, (max-width: 212px) 100vw, 212px\" \/><\/a>Im Mai ist es endlich wieder soweit. Mensch geht kreiseln. Wir satteln die Drahtesel, klappen die Trottis auf, schn\u00fcren die Skates und NEHMEN UNS DIE STRASSE. Zusammen werden wir schnell zur kritischen Masse f\u00fcr die motorisiert Verkehrenden, f\u00fcr die, die p\u00fcnktlich shoppen gehen wollten und f\u00fcr die, die Probleme damit haben, wenn mensch sich (ausserhalb der Fasnacht) nicht so verh\u00e4lt wie es sich geh\u00f6rt\u2026 Autohupen sind Musik in unseren Ohren und Kreisel sind zum umrunden da! Auf zur Veloparade, am 17. Mai &#8211; eine kritische Masse ist nicht einzuordnen und hat viele Gesichter! um 15 Uhr, ab V\u00f6gelig\u00e4rtli<\/p>\n","protected":false},"excerpt":{"rendered":"<p>Im Mai ist es endlich wieder soweit. Mensch geht kreiseln. Wir satteln die Drahtesel, klappen die Trottis auf, schn\u00fcren die Skates und NEHMEN UNS DIE STRASSE.  <a href=\"https:\/\/www.lagota.ch\/?p=2067\">Continue reading <span class=\"meta-nav\">&rarr;<\/span><\/a><\/p>\n","protected":false},"author":1,"featured_media":0,"comment_status":"open","ping_status":"open","sticky":false,"template":"","format":"standard","meta":{"footnotes":""},"categories":[11,6,18,4],"tags":[651,393,654,650,652,653],"class_list":["post-2067","post","type-post","status-publish","format-standard","hentry","category-luzern","category-news","category-squat-the-world","category-veranstaltung","tag-autos","tag-critical-mass","tag-kreisel","tag-veloparade","tag-verkehr","tag-vogeligartli"],"_links":{"self":[{"href":"https:\/\/www.lagota.ch\/index.php?rest_route=\/wp\/v2\/posts\/2067","targetHints":{"allow":["GET"]}}],"collection":[{"href":"https:\/\/www.lagota.ch\/index.php?rest_route=\/wp\/v2\/posts"}],"about":[{"href":"https:\/\/www.lagota.ch\/index.php?rest_route=\/wp\/v2\/types\/post"}],"author":[{"embeddable":true,"href":"https:\/\/www.lagota.ch\/index.php?rest_route=\/wp\/v2\/users\/1"}],"replies":[{"embeddable":true,"href":"https:\/\/www.lagota.ch\/index.php?rest_route=%2Fwp%2Fv2%2Fcomments&post=2067"}],"version-history":[{"count":1,"href":"https:\/\/www.lagota.ch\/index.php?rest_route=\/wp\/v2\/posts\/2067\/revisions"}],"predecessor-version":[{"id":2069,"href":"https:\/\/www.lagota.ch\/index.php?rest_route=\/wp\/v2\/posts\/2067\/revisions\/2069"}],"wp:attachment":[{"href":"https:\/\/www.lagota.ch\/index.php?rest_route=%2Fwp%2Fv2%2Fmedia&parent=2067"}],"wp:term":[{"taxonomy":"category","embeddable":true,"href":"https:\/\/www.lagota.ch\/index.php?rest_route=%2Fwp%2Fv2%2Fcategories&post=2067"},{"taxonomy":"post_tag","embeddable":true,"href":"https:\/\/www.lagota.ch\/index.php?rest_route=%2Fwp%2Fv2%2Ftags&post=2067"}],"curies":[{"name":"wp","href":"https:\/\/api.w.org\/{rel}","templated":true}]}}