{"id":2151,"date":"2014-08-29T14:38:33","date_gmt":"2014-08-29T13:38:33","guid":{"rendered":"http:\/\/www.lagota.ch\/?p=2151"},"modified":"2014-08-29T14:38:33","modified_gmt":"2014-08-29T13:38:33","slug":"calais-fascho-demo-massenraumungen-angekundigt","status":"publish","type":"post","link":"https:\/\/www.lagota.ch\/?p=2151","title":{"rendered":"Calais: Fascho-Demo &#038; Massenr\u00e4umungen angek\u00fcndigt"},"content":{"rendered":"<p><strong>Mitteilung von No Borders Calais<\/strong><\/p>\n<p><strong>Wir haben Informationen erhalten, dass die franz\u00f6sische Regierung plant, &#8220;Jungles&#8221; der Migrant*innen und das Fort Galloo Squat in Calais, in der ersten September Woche zu r\u00e4umen.<\/strong><\/p>\n<p>Momentan leben \u00fcber 1200 Migrant*innen verschiedenster Herkunft in diesen Camps. Fernab von &#8220;gem\u00fctlich&#8221; sind sie die einzigen sicheren Orte, die die Leute zum Leben haben. Ungef\u00e4hr 300 Personen schlafen in der 12000m\u00b2 grossen ehemaligen Fabrik Fort Galloo, in der es ein Geb\u00e4ude f\u00fcr Frauen und Kinder gibt, und Duschen und Toiletten, die durch die Medicins du Monde bereitgestellt werden. Die angek\u00fcndigt Massenr\u00e4umung w\u00e4re zu jeder Zeit eine menschliche Trag\u00f6die, ist aber gerade jetzt besonders gef\u00e4hrlich.<\/p>\n<p>Die faschistische Gruppe &#8220;Sauvons Calais&#8221;, wird am 7. September zusammen mit den \u00fcberregionalen Gruppen &#8220;Reseau Identitaire&#8221; und &#8220;L&#8217;Oeuvre Francaise&#8221; &#8220;gegen Migration&#8221; demonstrieren. &#8220;Sauvons Calais&#8221; erkl\u00e4rt auf ihrer Facebook Seite, dass diese Demonstration stattfinden wird, auch wenn sie durch die Stadt verboten werden sollte. Wir haben ausserdem verl\u00e4ssliche Informationen, dass Neonazi Gruppen planen, einige Tage vor der Demonstration anreisen zu wollen, und einige Tage l\u00e4nger zu bleiben, um Migrant*innen in den Strassen von Calais zu &#8220;jagen&#8221;. In den letzten Wochen haben wir bereits zahlreiche brutale \u00dcbergriffe von Neonazis in Calais erlebt, wie die versuchte Geiselnahme einer Person aus dem &#8220;No Border&#8221; Umfeld. Diese Angriffe werden eskalieren, wenn Faschist*innen aus ganz Frankreich anreisen, und es ist nur noch eine Frage der Zeit, bis die erste Person ermordet oder schwer verletzt wird.<\/p>\n<p>Anfang September werden die Migrant*innen eines doppelten Angriffs gegen\u00fcberstehen: zuerst die R\u00e4umung durch die CRS und die Gendamerie; dann gejagd von Neonazis, ohne Ort zum verstecken oder sich zu verteidigen. Vor einigen Tagen rief Natacha Bouchart von der UMP und B\u00fcrgermeisterin der Stadt, \u00fcberraschend nach einem staatlichen Migrant*innen Zentrum in Calais. Jetzt sehen wir die Antwort der sozialistischen Regierung: keine Verhandlungen, sondern nur die R\u00e4umung. Das wird die dritte Massenr\u00e4umung in nur vier Monaten sein, nachdem die Camps von Gendamerie und mit Tr\u00e4nengas am 28. Mai und 02.Juli ger\u00e4umt wurden. Diese R\u00e4umungen sind keine L\u00f6sung f\u00fcr die Situation in Calais. Die Anzahl der Migrant*innen w\u00e4chst stetig. Die R\u00e4umungen erzeugen nur weiteres unn\u00f6tiges Leid f\u00fcr die Refugees, die schon einmal vor Krieg und Verfolgung gefl\u00fcchtet sind. Es ist unakzeptabel, dass die franz\u00f6sische Regierung die Migrant*innen noch mehr Elend aussetzt.<\/p>\n<p>Es ist unakzeptabel, dass die franz\u00f6sische Regierung die Migrant*innen und die Menschen in Calais dem Konflikt mit den Faschist*innen aussetzt. Wenn die franz\u00f6sische Regierung Menschen dem Elend und dem Faschismus \u00fcberl\u00e4sst, werden wir uns vereinen und verteidigen. Wir werden der R\u00e4umung des Fort Galloo wiederstehen. Das ist unser Zuhause und unser einziger sicherer Ort, der uns vor faschistischen Angriffen sch\u00fctzt, mit seinen f\u00fcnf Meter hohen Mauern, verst\u00e4rkt durch Barrikaden. Ihn zu verlassen ist keine Option. Wir werden den faschistischen Gruppen auf der Strasse widerstehen. &#8220;No Borders&#8221; und lokale Antifa Gruppen haben bereits zu einem grossen Treffen von Antifaschist*innen aus Frankreich und Europa aufgerufen, um den Kampf gegen faschistische Gruppen zu unterst\u00fctzen. Wir bitten jetzt unsere Komrades, so fr\u00fch wie m\u00f6glich in der ersten September Woche zu uns zu kommen. Wir laden alle Menschen aus Calais, Frankreich und der ganzen Welt ein, zu uns zu kommen. Helft mit, Fort Galloo zu verteidigen. Helft mit, &#8220;Sauvons Calais&#8221; ein Ende zu bereiten. Kommt mit zu den Demonstrationen in den kommenenden Tagen in den Strassen der Stadt. No Passaran. No Borders.<\/p>\n<p>\u00fcbersetzt von https:\/\/linksunten.indymedia.org\/en\/node\/121433<\/p>\n","protected":false},"excerpt":{"rendered":"<p>Wir haben Informationen erhalten, dass die franz\u00f6sische Regierung plant, &#8220;Jungles&#8221; der Migrant*innen und das Fort Galloo Squat in Calais, in der ersten September Woche zu r\u00e4umen. <a href=\"https:\/\/www.lagota.ch\/?p=2151\">Continue reading <span class=\"meta-nav\">&rarr;<\/span><\/a><\/p>\n","protected":false},"author":1,"featured_media":0,"comment_status":"open","ping_status":"open","sticky":false,"template":"","format":"standard","meta":{"footnotes":""},"categories":[13,10,406,108],"tags":[340,698,696,697],"class_list":["post-2151","post","type-post","status-publish","format-standard","hentry","category-antifa","category-aus-aller-welt","category-migration","category-wirtschaftskrise","tag-calais","tag-fort-galloo","tag-migranten","tag-migrantinnen"],"_links":{"self":[{"href":"https:\/\/www.lagota.ch\/index.php?rest_route=\/wp\/v2\/posts\/2151","targetHints":{"allow":["GET"]}}],"collection":[{"href":"https:\/\/www.lagota.ch\/index.php?rest_route=\/wp\/v2\/posts"}],"about":[{"href":"https:\/\/www.lagota.ch\/index.php?rest_route=\/wp\/v2\/types\/post"}],"author":[{"embeddable":true,"href":"https:\/\/www.lagota.ch\/index.php?rest_route=\/wp\/v2\/users\/1"}],"replies":[{"embeddable":true,"href":"https:\/\/www.lagota.ch\/index.php?rest_route=%2Fwp%2Fv2%2Fcomments&post=2151"}],"version-history":[{"count":1,"href":"https:\/\/www.lagota.ch\/index.php?rest_route=\/wp\/v2\/posts\/2151\/revisions"}],"predecessor-version":[{"id":2152,"href":"https:\/\/www.lagota.ch\/index.php?rest_route=\/wp\/v2\/posts\/2151\/revisions\/2152"}],"wp:attachment":[{"href":"https:\/\/www.lagota.ch\/index.php?rest_route=%2Fwp%2Fv2%2Fmedia&parent=2151"}],"wp:term":[{"taxonomy":"category","embeddable":true,"href":"https:\/\/www.lagota.ch\/index.php?rest_route=%2Fwp%2Fv2%2Fcategories&post=2151"},{"taxonomy":"post_tag","embeddable":true,"href":"https:\/\/www.lagota.ch\/index.php?rest_route=%2Fwp%2Fv2%2Ftags&post=2151"}],"curies":[{"name":"wp","href":"https:\/\/api.w.org\/{rel}","templated":true}]}}