{"id":2176,"date":"2014-10-06T11:10:12","date_gmt":"2014-10-06T10:10:12","guid":{"rendered":"http:\/\/www.lagota.ch\/?p=2176"},"modified":"2014-10-06T11:10:54","modified_gmt":"2014-10-06T10:10:54","slug":"communique-zur-antinationalen-auftaktdemo","status":"publish","type":"post","link":"https:\/\/www.lagota.ch\/?p=2176","title":{"rendered":"Communiqu\u00e9 zur antinationalen Auftaktdemo"},"content":{"rendered":"<p><strong><span class=\"articledesc\">Heute Nachmittag haben in Bern \u00fcber 500 Personen lautstark gegen Nationalismus und Rassismus demonstriert. Die Demonstration bildet den Auftakt zu der Kampagne gegen Nationalismus und Rassismus, die w\u00e4hrend den n\u00e4chsten Wochen in Bern stattfindet.<\/span><\/strong><\/p>\n<p><span class=\"articledesc\"><span class=\"articletext\"><br \/>\n<a href=\"https:\/\/www.lagota.ch\/wp-content\/uploads\/antinatdemo.png\"><img loading=\"lazy\" decoding=\"async\" class=\"alignleft size-full wp-image-2178\" src=\"https:\/\/www.lagota.ch\/wp-content\/uploads\/antinatdemo.png\" alt=\"antinatdemo\" width=\"640\" height=\"418\" srcset=\"https:\/\/www.lagota.ch\/wp-content\/uploads\/antinatdemo.png 640w, https:\/\/www.lagota.ch\/wp-content\/uploads\/antinatdemo-300x195.png 300w\" sizes=\"auto, (max-width: 640px) 100vw, 640px\" \/><\/a><br \/>\nDie Kampagne zeigt auf, dass Nationalismus nicht erst bek\u00e4mpft werden muss, wenn er sich rassistisch bet\u00e4tigt. Bereits die staatlich vorgenommene Einteilung in In- und Ausl\u00e4nder_innen bedeutet f\u00fcr die Menschen nichts Gutes. Sie zeigt, dass alle einer Herrschaft unterliegen, f\u00fcr die sie sich n\u00fctzlich machen m\u00fcssen. So kommen die eigenen Interessen auf Kosten derer der Nation zu Schaden.<\/span><\/span><\/p>\n<p>An der Demonstration sorgten die Rapper \u201eMigo und MQ\u201c sowie \u201eRadical Hype\u201c f\u00fcr k\u00e4mpferische Stimmung. In der Innenstadt wurde verschiedene Transparenten gegen Nationalismus und Rassismus aufgeh\u00e4ngt. Auch die Stadt Bern unterst\u00fctzte die Demonstration, in dem sie im Vorfeld alle Nationalflaggen in der Altstadt entfernen liess. Ob die Stadt, im Rahmen der \u201eAntiflag Action Weeks\u201c beabsichtigt die Fahnen in den kommenden zwei Wochen im Restaurant Sous le Pont gegen ein Getr\u00e4nk einzutauschen, entzieht sich unserer Kenntnis.<\/p>\n<p>Beim Bahnhof Bern provozierten rund ein dutzend Faschist_innen mit Hitlergr\u00fcssen die Demonstration, aufgrund der entschlossenen antifaschistischen Gegenwehr mussten die Faschist_innen in den Bahnhof fl\u00fcchten.<\/p>\n<p>Neben den Antiflag Action Weeks werden in den kommenden Wochen im Rahmen der Kampagne folgende Aktionen stattfinden:<\/p>\n<p>Di. 14.10.14, 19 Uhr, Film: \u201eThe Wind That Shakes the Barley\u201c, Kino Reitschule<\/p>\n<p>Do. 16.10.14, 19 Uhr, \u201eFestung Europa st\u00fcrmen \u2013 Das Spiel zur Trag\u00f6die\u201d Bahnhofsplatz, Bern<\/p>\n<p>Heute Samstag gingen nicht nur in Bern Menschen gegen Nationalismus auf die Strasse. Auch in Winterthur wurde gegen das Treffen der rechtsnationalistischen AUNS und des rassistischen Chefs der UKIP (United Kingdom Independence Party) demonstriert.<\/p>\n<p>Alle weiteren Informationen, sowie auch die Brosch\u00fcre \u201eIch bin kein Rassist, aber\u2026\u201c, findet ihr auf www.buendnis-gegen-rechts.ch<\/p>\n","protected":false},"excerpt":{"rendered":"<p>Heute Nachmittag haben in Bern \u00fcber 500 Personen lautstark gegen Nationalismus und Rassismus demonstriert. Die Demonstration bildet den Auftakt zu der Kampagne gegen Nationalismus und Rassismus, die w\u00e4hrend den n\u00e4chsten Wochen in Bern stattfindet. <a href=\"https:\/\/www.lagota.ch\/?p=2176\">Continue reading <span class=\"meta-nav\">&rarr;<\/span><\/a><\/p>\n","protected":false},"author":1,"featured_media":0,"comment_status":"closed","ping_status":"open","sticky":false,"template":"","format":"standard","meta":{"footnotes":""},"categories":[13,16],"tags":[711,710,102,103],"class_list":["post-2176","post","type-post","status-publish","format-standard","hentry","category-antifa","category-schweiz","tag-antiflag-action-weeks","tag-antinationalismus","tag-bern","tag-rassismus"],"_links":{"self":[{"href":"https:\/\/www.lagota.ch\/index.php?rest_route=\/wp\/v2\/posts\/2176","targetHints":{"allow":["GET"]}}],"collection":[{"href":"https:\/\/www.lagota.ch\/index.php?rest_route=\/wp\/v2\/posts"}],"about":[{"href":"https:\/\/www.lagota.ch\/index.php?rest_route=\/wp\/v2\/types\/post"}],"author":[{"embeddable":true,"href":"https:\/\/www.lagota.ch\/index.php?rest_route=\/wp\/v2\/users\/1"}],"replies":[{"embeddable":true,"href":"https:\/\/www.lagota.ch\/index.php?rest_route=%2Fwp%2Fv2%2Fcomments&post=2176"}],"version-history":[{"count":2,"href":"https:\/\/www.lagota.ch\/index.php?rest_route=\/wp\/v2\/posts\/2176\/revisions"}],"predecessor-version":[{"id":2179,"href":"https:\/\/www.lagota.ch\/index.php?rest_route=\/wp\/v2\/posts\/2176\/revisions\/2179"}],"wp:attachment":[{"href":"https:\/\/www.lagota.ch\/index.php?rest_route=%2Fwp%2Fv2%2Fmedia&parent=2176"}],"wp:term":[{"taxonomy":"category","embeddable":true,"href":"https:\/\/www.lagota.ch\/index.php?rest_route=%2Fwp%2Fv2%2Fcategories&post=2176"},{"taxonomy":"post_tag","embeddable":true,"href":"https:\/\/www.lagota.ch\/index.php?rest_route=%2Fwp%2Fv2%2Ftags&post=2176"}],"curies":[{"name":"wp","href":"https:\/\/api.w.org\/{rel}","templated":true}]}}