{"id":2196,"date":"2014-10-27T19:33:09","date_gmt":"2014-10-27T18:33:09","guid":{"rendered":"http:\/\/www.lagota.ch\/?p=2196"},"modified":"2014-10-27T19:33:09","modified_gmt":"2014-10-27T18:33:09","slug":"01-11-demo-antinational-statt-pseudosozial-bern-bundesplatz-ecke-barenplatz-15-00","status":"publish","type":"post","link":"https:\/\/www.lagota.ch\/?p=2196","title":{"rendered":"01.11: Demo: Antinational statt pseudosozial! &#8211; Bern Bundesplatz (Ecke B\u00e4renplatz), 15.00"},"content":{"rendered":"<p><strong><span class=\"articledesc\">Am 1. November demonstriert ein breites B\u00fcndnis um UNIA, SP und Gr\u00fcne gegen die Ecopop-Initiative. Dabei l\u00e4sst sich das B\u00fcndnis auf nationalistische, rassistische und vor allem kapitalistische Argumentation herunter. Dagegen demonstrieren wir am gleichen Tag mit einer Demo durch Bern! Antinational statt pseudosozial!<\/span><\/strong><\/p>\n<p>Antinational statt pseudosozial!<\/p>\n<p><a href=\"https:\/\/www.lagota.ch\/wp-content\/uploads\/antinat2.jpg\"><img loading=\"lazy\" decoding=\"async\" class=\"alignleft  wp-image-2197\" src=\"https:\/\/www.lagota.ch\/wp-content\/uploads\/antinat2.jpg\" alt=\"antinat2\" width=\"437\" height=\"307\" srcset=\"https:\/\/www.lagota.ch\/wp-content\/uploads\/antinat2.jpg 640w, https:\/\/www.lagota.ch\/wp-content\/uploads\/antinat2-300x210.jpg 300w\" sizes=\"auto, (max-width: 437px) 100vw, 437px\" \/><\/a>Wenn Migrant*innen f\u00fcr Klimaprobleme oder \u00dcberbev\u00f6lkerung verantwortlich gemacht werden, hat das einen Namen: Rassismus. Einwanderung in die Schweiz zu begrenzen, um die Umwelt und Wirtschaft der Schweiz angeblich zu sch\u00fctzen, ist nationalistisch. Die Geburtenraten im globalen S\u00fcden von aussen steuern zu wollen, ist faschistoid und nichts als eine Scheinl\u00f6sung.<\/p>\n<p>Die Gr\u00fcnde f\u00fcr Umwelt- und Sozialkrisen liegen im kapitalistischen Wirtschaftssystem und nicht darin, dass die Weltbev\u00f6lkerung zu gross w\u00e4re und deshalb die Ressourcen nicht f\u00fcr alle reichen k\u00f6nnten.<\/p>\n<p>Rassismus und Nationalismus geh\u00f6ren l\u00e4ngst zum Selbstverst\u00e4ndnis jeglicher offiziellen Politik. Sie spalten die Lohnabh\u00e4ngigen und sind Schmiermittel des Kapitalismus. Dieser zwingt Lohnabh\u00e4ngige aller Welt, sich auf dem globalisierten Arbeitsmarkt zu konkurrenzieren und auf Schlachtfeldern zu bekriegen.<\/p>\n<p>Auch Linke und Gewerkschaften argumentieren gegen Ecopop nur innerhalb der kapitalistischen Wirtschaft und nehmen die nationalen Grenzen als Selbstverst\u00e4ndlichkeit hin. Innerhalb dieses Denkens kann sich nichts Grundlegendes an den Problemen dieser Welt \u00e4ndern.<\/p>\n<p><strong>Durch die Gassen \u2013 gegen Nationalismus, Rassismus und Kapitalismus!<\/strong><br \/>\n<strong> Besammlung: 1. November, 15 Uhr, Bundesplatz (Ecke B\u00e4renplatz), Bern<\/strong><\/p>\n<p>Version francaise:<\/p>\n<p>Ecopop : pour un non antinational \u00e0 la place d\u2019un non pseudo-social<\/p>\n<p>Quand on d\u00e9signe les immigr\u00e9.e.s comme responsables des probl\u00e8mes climatiques et de la pression d\u00e9mographique, cela porte un nom: le racisme. Limiter l&#8217;immigration en Suisse pour pr\u00e9server l&#8217;environnement et l&#8217;\u00e9conomie helv\u00e9tiques rel\u00e8ve du nationalisme. Pr\u00e9tendre r\u00e9guler le taux de natalit\u00e9 des pays du sud est une fausse solution et rappelle le colonialisme ou le fascisme.<\/p>\n<p>Les raisons des crises sociales et \u00e9cologiques se trouvent dans le fonctionnement du syst\u00e8me \u00e9conomique capitaliste et non dans une pr\u00e9tendue r\u00e9duction de notre \u201eespace vital\u201c qui priverait la population suisse des ressources n\u00e9cessaires \u00e0 sa subsistance.<\/p>\n<p>Racisme et nationalisme appartiennent \u00e0 l&#8217;ADN de la politique suisse depuis les ann\u00e9es 1930 au moins. Il s&#8217;agit de deux armes de division massive de la classe des travailleurs\/-euses et qui contribuent \u00e0 faire tourner le capitalisme. Celui-ci contraint les travailleurs\/-euses \u00e0 se concurrencer brutalement sur le march\u00e9 du travail mondialis\u00e9.<\/p>\n<p>Certains milieux de la gauche institutionnelle et des syndicats combattent Ecopop avec une argumentation ambigue qui fleure bon le patriotisme \u00e9conomique et le chauvinisme social. Ecopop serait nocive au bon d\u00e9veloppement de la place \u00e9conomique suisse. Une telle perspective emp\u00eache de comprendre les vrais enjeux li\u00e9s \u00e0 l&#8217;instrumentalisation politique des sentiments identitaires et du racisme: diviser, contr\u00f4ler et brider les travailleurs\/-euses pour faire du fric, toujours plus de fric!<\/p>\n<p>Nos vies et notre dignit\u00e9 valent mieux que leurs profits. Toutes et tous dans la rue le 1er novembre, contre le nationalisme, le racisme et le capitalisme. Nous voterons toutes et tous avec nos pieds.<\/p>\n<p>Manifestation: 1er novembre, 15h, Place f\u00e9d\u00e9rale (c\u00f4t\u00e9 B\u00e4renplatz), Berne<\/p>\n","protected":false},"excerpt":{"rendered":"<p>Am 1. November demonstriert ein breites B\u00fcndnis um UNIA, SP und Gr\u00fcne gegen die Ecopop-Initiative. Dabei l\u00e4sst sich das B\u00fcndnis auf nationalistische, rassistische und vor allem kapitalistische Argumentation herunter. Dagegen demonstrieren wir am gleichen Tag mit einer Demo durch Bern! Antinational statt pseudosozial! <a href=\"https:\/\/www.lagota.ch\/?p=2196\">Continue reading <span class=\"meta-nav\">&rarr;<\/span><\/a><\/p>\n","protected":false},"author":1,"featured_media":0,"comment_status":"closed","ping_status":"open","sticky":false,"template":"","format":"standard","meta":{"footnotes":""},"categories":[13,14,406,6,4],"tags":[102,66,729,76,1160,679,103],"class_list":["post-2196","post","type-post","status-publish","format-standard","hentry","category-antifa","category-arbeitskampf","category-migration","category-news","category-veranstaltung","tag-bern","tag-demo","tag-ecopop","tag-kapitalismus","tag-migration","tag-nationalismus","tag-rassismus"],"_links":{"self":[{"href":"https:\/\/www.lagota.ch\/index.php?rest_route=\/wp\/v2\/posts\/2196","targetHints":{"allow":["GET"]}}],"collection":[{"href":"https:\/\/www.lagota.ch\/index.php?rest_route=\/wp\/v2\/posts"}],"about":[{"href":"https:\/\/www.lagota.ch\/index.php?rest_route=\/wp\/v2\/types\/post"}],"author":[{"embeddable":true,"href":"https:\/\/www.lagota.ch\/index.php?rest_route=\/wp\/v2\/users\/1"}],"replies":[{"embeddable":true,"href":"https:\/\/www.lagota.ch\/index.php?rest_route=%2Fwp%2Fv2%2Fcomments&post=2196"}],"version-history":[{"count":1,"href":"https:\/\/www.lagota.ch\/index.php?rest_route=\/wp\/v2\/posts\/2196\/revisions"}],"predecessor-version":[{"id":2198,"href":"https:\/\/www.lagota.ch\/index.php?rest_route=\/wp\/v2\/posts\/2196\/revisions\/2198"}],"wp:attachment":[{"href":"https:\/\/www.lagota.ch\/index.php?rest_route=%2Fwp%2Fv2%2Fmedia&parent=2196"}],"wp:term":[{"taxonomy":"category","embeddable":true,"href":"https:\/\/www.lagota.ch\/index.php?rest_route=%2Fwp%2Fv2%2Fcategories&post=2196"},{"taxonomy":"post_tag","embeddable":true,"href":"https:\/\/www.lagota.ch\/index.php?rest_route=%2Fwp%2Fv2%2Ftags&post=2196"}],"curies":[{"name":"wp","href":"https:\/\/api.w.org\/{rel}","templated":true}]}}