{"id":2199,"date":"2014-10-31T10:41:59","date_gmt":"2014-10-31T09:41:59","guid":{"rendered":"http:\/\/www.lagota.ch\/?p=2199"},"modified":"2014-10-31T10:41:59","modified_gmt":"2014-10-31T09:41:59","slug":"zh-demo-fur-kobanerojava-1-11-15h","status":"publish","type":"post","link":"https:\/\/www.lagota.ch\/?p=2199","title":{"rendered":"ZH: Demo f\u00fcr Koban\u00ea\/Rojava 1.11. 15h"},"content":{"rendered":"<p><strong><span class=\"articledesc\">Globale Rally f\u00fcr Kobane!<\/p>\n<p>Demonstration in Z\u00fcrich anl\u00e4sslich des internationalen Aktionstags f\u00fcr Koban\u00ea\/Rojava: Samstag, 1. November 15.00 Uhr Helvetiaplatz.<\/p>\n<p><\/span><\/strong><span class=\"articledesc\"><span class=\"articletext\"><a href=\"https:\/\/www.lagota.ch\/wp-content\/uploads\/kobane2.jpg\"><img loading=\"lazy\" decoding=\"async\" class=\"alignleft size-full wp-image-2200\" src=\"https:\/\/www.lagota.ch\/wp-content\/uploads\/kobane2.jpg\" alt=\"kobane2\" width=\"640\" height=\"237\" srcset=\"https:\/\/www.lagota.ch\/wp-content\/uploads\/kobane2.jpg 640w, https:\/\/www.lagota.ch\/wp-content\/uploads\/kobane2-300x111.jpg 300w\" sizes=\"auto, (max-width: 640px) 100vw, 640px\" \/><\/a>Im Januar dieses Jahres haben die Kurd_innen in Westkurdistan (Rojava) kommunale Selbtverwaltungen in drei Kantonen Syriens aufgebaut. Eines dieser drei Kantone ist Kobane. Die t\u00fcrkische Grenze liegt im Norden von Kobane und alle anderen Seiten sind von ISIS-kontrollierten Gebieten umgeben. Der ISIS hat sich den Grenzen Kobanes mit schweren Waffen aus den USA gen\u00e4hert. Hunderttausende von Zivilisten werden durch den brutalsten Genozid der modernen Geschichte bedroht. Die Menschen von Kobane versuchen mit leichten Waffen den brutalsten Angriffen von ISIS-Terroristen zu widerstehen nur mit Hilfe der Volksverteidigungseinheiten in Westkurdistan YPG und YPJ, aber ohne irgendeine internationale Hilfe.<\/p>\n<p>Die sogenannte internationale Koalition im Kampf gegen ISIS hat dem Widerstand der YPG\/YPJ nicht effektiv geholfen, obwohl diese Staaten Zeugen des andauernden Genozids sind, der gegen Kobane ausgef\u00fchrt wird. Sie haben ihre wirklichen internationalen rechtlichen Verpflichtungen nicht erf\u00fcllt. Einige Staaten in dieser Koalition, insbesondere die T\u00fcrkei, geh\u00f6ren zu den finanziellen und milit\u00e4rischen Unterst\u00fctzern der ISIS-Terroristen im Irak und in Syrien.<\/p>\n<p>Demokratische Autonomie verspricht eine freie Zukunft f\u00fcr alle Menschen in Syrien. In dieser Hinsicht ist das &#8220;Modell Rojava&#8221; &#8211; die s\u00e4kulare, nicht sektiererische, demokratische Haltung in Rojava das Modell, das Einheit in Vielfalt praktiziert.<\/p>\n<p>Weitere Infos:<br \/>\n<img decoding=\"async\" src=\"http:\/\/ch.indymedia.org\/img\/extlink.png\" alt=\"\" border=\"0\" \/>\u00a0<a href=\"http:\/\/civaka-azad.org\/internationaler-aktionstag-fuer-die-solidaritaet-mit-kobane\">http:\/\/civaka-azad.org\/internationaler-aktionstag-fuer-die-solidaritaet-mit-kobane<\/a><\/span><\/span><strong><span class=\"articledesc\"><br \/>\n<\/span><\/strong><\/p>\n","protected":false},"excerpt":{"rendered":"<p>Globale Rally f\u00fcr Kobane!<\/p>\n<p>Demonstration in Z\u00fcrich anl\u00e4sslich des internationalen Aktionstags f\u00fcr Koban\u00ea\/Rojava: Samstag, 1. November 15.00 Uhr Helvetiaplatz. <a href=\"https:\/\/www.lagota.ch\/?p=2199\">Continue reading <span class=\"meta-nav\">&rarr;<\/span><\/a><\/p>\n","protected":false},"author":1,"featured_media":0,"comment_status":"closed","ping_status":"open","sticky":false,"template":"","format":"standard","meta":{"footnotes":""},"categories":[10,6,4],"tags":[260,66,712,719,121],"class_list":["post-2199","post","type-post","status-publish","format-standard","hentry","category-aus-aller-welt","category-news","category-veranstaltung","tag-aktionstag","tag-demo","tag-kobane","tag-rojava","tag-zurich"],"_links":{"self":[{"href":"https:\/\/www.lagota.ch\/index.php?rest_route=\/wp\/v2\/posts\/2199","targetHints":{"allow":["GET"]}}],"collection":[{"href":"https:\/\/www.lagota.ch\/index.php?rest_route=\/wp\/v2\/posts"}],"about":[{"href":"https:\/\/www.lagota.ch\/index.php?rest_route=\/wp\/v2\/types\/post"}],"author":[{"embeddable":true,"href":"https:\/\/www.lagota.ch\/index.php?rest_route=\/wp\/v2\/users\/1"}],"replies":[{"embeddable":true,"href":"https:\/\/www.lagota.ch\/index.php?rest_route=%2Fwp%2Fv2%2Fcomments&post=2199"}],"version-history":[{"count":1,"href":"https:\/\/www.lagota.ch\/index.php?rest_route=\/wp\/v2\/posts\/2199\/revisions"}],"predecessor-version":[{"id":2201,"href":"https:\/\/www.lagota.ch\/index.php?rest_route=\/wp\/v2\/posts\/2199\/revisions\/2201"}],"wp:attachment":[{"href":"https:\/\/www.lagota.ch\/index.php?rest_route=%2Fwp%2Fv2%2Fmedia&parent=2199"}],"wp:term":[{"taxonomy":"category","embeddable":true,"href":"https:\/\/www.lagota.ch\/index.php?rest_route=%2Fwp%2Fv2%2Fcategories&post=2199"},{"taxonomy":"post_tag","embeddable":true,"href":"https:\/\/www.lagota.ch\/index.php?rest_route=%2Fwp%2Fv2%2Ftags&post=2199"}],"curies":[{"name":"wp","href":"https:\/\/api.w.org\/{rel}","templated":true}]}}