{"id":2202,"date":"2014-11-03T12:02:50","date_gmt":"2014-11-03T11:02:50","guid":{"rendered":"http:\/\/www.lagota.ch\/?p=2202"},"modified":"2014-11-03T12:02:50","modified_gmt":"2014-11-03T11:02:50","slug":"mondoj-soliabend-hand-in-hand-fur-rojava","status":"publish","type":"post","link":"https:\/\/www.lagota.ch\/?p=2202","title":{"rendered":"Mondoj Soliabend \u2013 Hand in Hand f\u00fcr Rojava"},"content":{"rendered":"<p><span class=\"fsl\"><strong><a href=\"https:\/\/www.lagota.ch\/wp-content\/uploads\/mondoj-soli.jpg\"><img loading=\"lazy\" decoding=\"async\" class=\"alignleft size-full wp-image-2203\" src=\"https:\/\/www.lagota.ch\/wp-content\/uploads\/mondoj-soli.jpg\" alt=\"mondoj-soli\" width=\"960\" height=\"359\" srcset=\"https:\/\/www.lagota.ch\/wp-content\/uploads\/mondoj-soli.jpg 960w, https:\/\/www.lagota.ch\/wp-content\/uploads\/mondoj-soli-300x112.jpg 300w\" sizes=\"auto, (max-width: 960px) 100vw, 960px\" \/><\/a>Am Mittwoch, 5. November im Neubad Luzern<\/p>\n<p>Informationsabend \u00fcber die Revolution in Rojava <\/strong><br \/>\n<strong> und \u00fcber den Widerstand in Koban\u00eb.<\/strong><\/p>\n<p><strong> Mit Kurdischen Spezialit\u00e4ten<\/strong><\/p>\n<p><strong> Ab 19.00 Uhr im Bistro<\/strong><br \/>\n<strong> Kosten: Solidarit\u00e4tskollekte<\/strong><\/p>\n<p>An jedem ersten Mittwoch des Monats findet der Solidarit\u00e4ts-Abend von, mit und f\u00fcr MONDOJ statt. MONDOJ ist ein Luzerner Kollektiv von Menschen mit oder ohne Pass.<\/p>\n<p>Rojava ist ein autonom verwaltetes Gebiet (ehemals zu Syrien geh\u00f6rend), das durch kurdische Freiheitsk\u00e4mpfer_innen befreit wurde. Die Verwaltung findet auf basisdemokratischer Ebene statt. Alle in der Region lebenden V\u00f6lker, unabh\u00e4ngig von Ethnie, Religion oder Sprache, sind im Volksrat vertreten. Es besteht eine Frauenquote von 40% in der Verwaltung. Das ist nicht nur im Mittleren Os<span class=\"text_exposed_show\">ten einzigartig. Es gibt Frauenzentren, in denen Selbstorganisierung und Empowerment stattfindet. Eine zentralistische Regierung gibt es nicht. Die Region orientiert sich stark an anarchistischen Ideen, so flossen in der konkreten Umsetzung des Projektes Ideen von Bakunin, Kropotkin, aber auch Zerzan ein. Rojava ist ein sicher&#8230;er Hafen f\u00fcr alle Ethnien oder Minderheiten, die in der Region unterdr\u00fcckt oder verfolgt werden \u2013 Araber, Sunniten, Armenier, Assyrer, Aleviten, Yeziden (darunter z.B. auch christliche Minderheiten). Ebenfalls setzt sich die Region gegen die Diskriminierung von Homo- und Transsexuellen ein. Ziel ist der Aufbau einer r\u00e4tedemokratischen, \u00f6kologischen und geschlechterbefreiten Gesellschaft. Das Projekt ist als solches einzigartig auf der Welt und die Region gilt als eines der sichersten Gebiete in Syrien, auch, weil sie bewaffnet verteidigt wird. In der aktuellen Situation ist Rojava von allen Seiten bedroht. Einerseits durch den IS, welchem Rojava ein Dorn im Auge ist. Andererseits von Regierungen wie der T\u00fcrkei, Syrien, oder den USA, f\u00fcr die Rojava ein politischer Spielball zur Wahrung der eigenen Interessen ist: seien es Ressourcen (Rojava ist reich an Erd\u00f6l und gleichzeitig die Kornkammer Syriens) oder strategische Interessen wie die Lage als Grenzgebiet. Insbesondere aber haben die genannten Regierungen kein Interesse an den alternativen Strukturen, die hier aufgebaut werden. Unter diesen Bedingungen zu bestehen ist nicht leicht. Umgebende Regierungen kontrollieren die Grenzen und verhindern Import und Export. Es fehlt an Lebensmitteln, Medikamenten, medizinischer Versorgung, Unterk\u00fcnften. Die Stromversorgung wurde durch den IS gekappt. Damit ist auch die Wasserversorgung zusammengebrochen. Rojava ist als autonomes, basisdemokratisches Projekt akut bedroht und damit alle Menschen, die hier Zuflucht und Hoffnung gefunden haben.<\/span><\/span><\/p>\n","protected":false},"excerpt":{"rendered":"<p>Informationsabend \u00fcber die Revolution in Rojava<br \/>\nund \u00fcber den Widerstand in Koban\u00eb.<\/p>\n<p>Mit Kurdischen Spezialit\u00e4ten<\/p>\n<p>Ab 19.00 Uhr im Bistro<br \/>\nKosten: Solidarit\u00e4tskollekte <a href=\"https:\/\/www.lagota.ch\/?p=2202\">Continue reading <span class=\"meta-nav\">&rarr;<\/span><\/a><\/p>\n","protected":false},"author":1,"featured_media":0,"comment_status":"closed","ping_status":"open","sticky":false,"template":"","format":"standard","meta":{"footnotes":""},"categories":[10,6,4],"tags":[712,1163,639,631,719,100,447],"class_list":["post-2202","post","type-post","status-publish","format-standard","hentry","category-aus-aller-welt","category-news","category-veranstaltung","tag-kobane","tag-kurdistan","tag-mondoj","tag-neubad","tag-rojava","tag-syrien","tag-turkei"],"_links":{"self":[{"href":"https:\/\/www.lagota.ch\/index.php?rest_route=\/wp\/v2\/posts\/2202","targetHints":{"allow":["GET"]}}],"collection":[{"href":"https:\/\/www.lagota.ch\/index.php?rest_route=\/wp\/v2\/posts"}],"about":[{"href":"https:\/\/www.lagota.ch\/index.php?rest_route=\/wp\/v2\/types\/post"}],"author":[{"embeddable":true,"href":"https:\/\/www.lagota.ch\/index.php?rest_route=\/wp\/v2\/users\/1"}],"replies":[{"embeddable":true,"href":"https:\/\/www.lagota.ch\/index.php?rest_route=%2Fwp%2Fv2%2Fcomments&post=2202"}],"version-history":[{"count":1,"href":"https:\/\/www.lagota.ch\/index.php?rest_route=\/wp\/v2\/posts\/2202\/revisions"}],"predecessor-version":[{"id":2204,"href":"https:\/\/www.lagota.ch\/index.php?rest_route=\/wp\/v2\/posts\/2202\/revisions\/2204"}],"wp:attachment":[{"href":"https:\/\/www.lagota.ch\/index.php?rest_route=%2Fwp%2Fv2%2Fmedia&parent=2202"}],"wp:term":[{"taxonomy":"category","embeddable":true,"href":"https:\/\/www.lagota.ch\/index.php?rest_route=%2Fwp%2Fv2%2Fcategories&post=2202"},{"taxonomy":"post_tag","embeddable":true,"href":"https:\/\/www.lagota.ch\/index.php?rest_route=%2Fwp%2Fv2%2Ftags&post=2202"}],"curies":[{"name":"wp","href":"https:\/\/api.w.org\/{rel}","templated":true}]}}