{"id":2206,"date":"2014-11-07T17:07:06","date_gmt":"2014-11-07T16:07:06","guid":{"rendered":"http:\/\/www.lagota.ch\/?p=2206"},"modified":"2014-11-07T17:07:06","modified_gmt":"2014-11-07T16:07:06","slug":"demo-gegen-gentrifizierung-in-bern-13-11-2014","status":"publish","type":"post","link":"https:\/\/www.lagota.ch\/?p=2206","title":{"rendered":"Demo gegen Gentrifizierung in Bern, 13.11.2014"},"content":{"rendered":"<p>Letzte Woche hat Regierungsstatthalter Lerch eine Beschwerde der FdP gutgeheissen und somit den Stadtratbeschluss vom September 2013 f\u00fcr nichtig erkl\u00e4rt, der das Prestigeprojekt des Gemeinderats stoppen wollte und der Stadt noch einmal die Gelegenheit geboten h\u00e4tte, ihr urspr\u00fcngliches Versprechen f\u00fcr die Errichtung von g\u00fcnstigem Wohnraum in<br \/>\nder Lorraine einzul\u00f6sen.<\/p>\n<p>Obwohl vor Bundesgericht noch eine Einsprache h\u00e4ngig ist, hat Regierungsstatthalter Lerch diesen umstrittenen Entscheid gef\u00e4llt und somit den Weg frei gemacht f\u00fcr das Projekt Baumzimmer. Doch wir wehren uns weiter gegen dieses Projekt, mit dem die Gentrifizierung in der Lorraine \u2013 also die immer teurer werdenden Wohnungen und die Verdr\u00e4ngung von Wenigverdienenden \u2013 weiter voranschreiten w\u00fcrde.<\/p>\n<p>Es ist nun wieder an der Zeit, den Widerstand auf die Strasse zu tragen und zu zeigen, dass wir dieses st\u00e4dtische Luxusbauprojekt nicht wollen.<br \/>\nJe mehr Leute an der Demonstration teilnehmen, desto st\u00e4rker ist das Zeichen, das wir im Rathaus hinterlassen.<\/p>\n<p>Wir fordern den Verzicht auf das gemeinder\u00e4tliche Prestigeprojekt Baumzimmer und die Abschreibung der entstandenen Kosten!<\/p>\n<p>Wenn Immo Bern es nicht fertig bringt, eine dem Quartier angemessene Planung durchzuf\u00fchren, sollen sie das Grundst\u00fcck einem gemeinn\u00fctzigen Wohnbautr\u00e4ger abgeben.<\/p>\n<p>Die Stadt ist unser Lebensraum \u2013 das Quartier sind wir, hier bauen wir!<\/p>\n<p>*Bringt L\u00e4rminstrumente mit!*<\/p>\n<p>Nachbarschaftskomitee Lorraine u.a., 5. November 2014<\/p>\n","protected":false},"excerpt":{"rendered":"<p>Letzte Woche hat Regierungsstatthalter Lerch eine Beschwerde der FdP gutgeheissen und somit den Stadtratbeschluss vom September 2013 f\u00fcr nichtig erkl\u00e4rt, der das Prestigeprojekt des Gemeinderats stoppen wollte und der Stadt noch einmal die Gelegenheit geboten h\u00e4tte, ihr urspr\u00fcngliches Versprechen f\u00fcr die Errichtung von g\u00fcnstigem Wohnraum in<br \/>\nder Lorraine einzul\u00f6sen. <a href=\"https:\/\/www.lagota.ch\/?p=2206\">Continue reading <span class=\"meta-nav\">&rarr;<\/span><\/a><\/p>\n","protected":false},"author":1,"featured_media":0,"comment_status":"closed","ping_status":"open","sticky":false,"template":"","format":"standard","meta":{"footnotes":""},"categories":[16,18,4],"tags":[66,731,732,306,730,733],"class_list":["post-2206","post","type-post","status-publish","format-standard","hentry","category-schweiz","category-squat-the-world","category-veranstaltung","tag-demo","tag-fdp","tag-lebensraum","tag-lerch","tag-lorraine","tag-quartier"],"_links":{"self":[{"href":"https:\/\/www.lagota.ch\/index.php?rest_route=\/wp\/v2\/posts\/2206","targetHints":{"allow":["GET"]}}],"collection":[{"href":"https:\/\/www.lagota.ch\/index.php?rest_route=\/wp\/v2\/posts"}],"about":[{"href":"https:\/\/www.lagota.ch\/index.php?rest_route=\/wp\/v2\/types\/post"}],"author":[{"embeddable":true,"href":"https:\/\/www.lagota.ch\/index.php?rest_route=\/wp\/v2\/users\/1"}],"replies":[{"embeddable":true,"href":"https:\/\/www.lagota.ch\/index.php?rest_route=%2Fwp%2Fv2%2Fcomments&post=2206"}],"version-history":[{"count":1,"href":"https:\/\/www.lagota.ch\/index.php?rest_route=\/wp\/v2\/posts\/2206\/revisions"}],"predecessor-version":[{"id":2207,"href":"https:\/\/www.lagota.ch\/index.php?rest_route=\/wp\/v2\/posts\/2206\/revisions\/2207"}],"wp:attachment":[{"href":"https:\/\/www.lagota.ch\/index.php?rest_route=%2Fwp%2Fv2%2Fmedia&parent=2206"}],"wp:term":[{"taxonomy":"category","embeddable":true,"href":"https:\/\/www.lagota.ch\/index.php?rest_route=%2Fwp%2Fv2%2Fcategories&post=2206"},{"taxonomy":"post_tag","embeddable":true,"href":"https:\/\/www.lagota.ch\/index.php?rest_route=%2Fwp%2Fv2%2Ftags&post=2206"}],"curies":[{"name":"wp","href":"https:\/\/api.w.org\/{rel}","templated":true}]}}