{"id":2212,"date":"2014-11-14T14:28:52","date_gmt":"2014-11-14T13:28:52","guid":{"rendered":"http:\/\/www.lagota.ch\/?p=2212"},"modified":"2014-11-14T14:28:52","modified_gmt":"2014-11-14T13:28:52","slug":"kundgebung-solidaritat-mit-rojavakobane-am-samstag-in-luzern","status":"publish","type":"post","link":"https:\/\/www.lagota.ch\/?p=2212","title":{"rendered":"Kundgebung &#8220;Solidarit\u00e4t mit Rojava\/Kobane&#8221; am Samstag in Luzern"},"content":{"rendered":"<p><strong>Das Solidarit\u00e4tskomitee Rojava &#8211; Luzern ist Teil der weltweiten Bewegung zur Unterst\u00fctzung der selbstverwalteten Region Rojava und ihrer Stadt Kobane. Es ruft f\u00fcr Samstag zu einer Kundgebung in Luzern auf.<\/strong><\/p>\n<p><strong>Kundgebung &#8220;Solidarit\u00e4t mit Kobane\/Rojava&#8221;, SA, 15.11.2014, 17.30, Kapellplatz, Luzern<\/strong><\/p>\n<p><a href=\"https:\/\/www.lagota.ch\/wp-content\/uploads\/posterkobane.jpg\"><img loading=\"lazy\" decoding=\"async\" class=\"alignleft size-large wp-image-2213\" src=\"https:\/\/www.lagota.ch\/wp-content\/uploads\/posterkobane-730x1024.jpg\" alt=\"posterkobane\" width=\"730\" height=\"1024\" srcset=\"https:\/\/www.lagota.ch\/wp-content\/uploads\/posterkobane-730x1024.jpg 730w, https:\/\/www.lagota.ch\/wp-content\/uploads\/posterkobane-213x300.jpg 213w, https:\/\/www.lagota.ch\/wp-content\/uploads\/posterkobane.jpg 1264w\" sizes=\"auto, (max-width: 730px) 100vw, 730px\" \/><\/a>Rojava ist ein selbstverwaltetes Gebiet in Nordsyrien, bestehend aus den drei Kantonen Efr\u00een, Koban\u00ea und Ciz\u00eer\u00ea. Die kurdischen K\u00e4mpfer\/innen der Volksverteidigungseinheiten YPG verteidigen seit Monaten das Gebiet gegen die Angriffe des IS. Die T\u00fcrkei blockiert aus politischen Interessen die Versorgungswege nach Rojava.<\/p>\n<p>&nbsp;<\/p>\n<p>Rojava wird basisdemokratisch verwaltet. Eine zentralistische Regierung gibt es nicht. Alle in der Region lebenden V\u00f6lker, unabh\u00e4ngig von Ethnie, Religion oder Sprache, sind in einem Volksrat vertreten. In der Verwaltung gilt eine Frauenquote von 40%. Rojava ist ein R\u00fcckzugsgebiet f\u00fcr alle Ethnien und Minderheiten, die in der Region unterdr\u00fcckt oder verfolgt werden \u2013 Araber, Armenier, Assyrer, Aleviten, Yeziden, Christen. Ziel ist der Aufbau einer basisdemokratischen, multiethnischen und \u00f6kologischen Gesellschaft. Rojava bringt Hoffnung in eine von Kriegen ersch\u00fctterte Region.<\/p>\n","protected":false},"excerpt":{"rendered":"<p>Das Solidarit\u00e4tskomitee Rojava &#8211; Luzern ist Teil der weltweiten Bewegung zur Unterst\u00fctzung der selbstverwalteten Region Rojava und ihrer Stadt Kobane. Es ruft f\u00fcr Samstag zu einer Kundgebung in Luzern auf.<\/p>\n<p>Kundgebung &#8220;Solidarit\u00e4t mit Kobane\/Rojava&#8221;, SA, 15.11.2014, 17.30, Kapellplatz, Luzern<br \/>\n <a href=\"https:\/\/www.lagota.ch\/?p=2212\">Continue reading <span class=\"meta-nav\">&rarr;<\/span><\/a><\/p>\n","protected":false},"author":1,"featured_media":0,"comment_status":"closed","ping_status":"open","sticky":false,"template":"","format":"standard","meta":{"footnotes":""},"categories":[10,3,6,4],"tags":[712,737,1148,719,30],"class_list":["post-2212","post","type-post","status-publish","format-standard","hentry","category-aus-aller-welt","category-lagota","category-news","category-veranstaltung","tag-kobane","tag-kundgebung","tag-luzern","tag-rojava","tag-solidaritat"],"_links":{"self":[{"href":"https:\/\/www.lagota.ch\/index.php?rest_route=\/wp\/v2\/posts\/2212","targetHints":{"allow":["GET"]}}],"collection":[{"href":"https:\/\/www.lagota.ch\/index.php?rest_route=\/wp\/v2\/posts"}],"about":[{"href":"https:\/\/www.lagota.ch\/index.php?rest_route=\/wp\/v2\/types\/post"}],"author":[{"embeddable":true,"href":"https:\/\/www.lagota.ch\/index.php?rest_route=\/wp\/v2\/users\/1"}],"replies":[{"embeddable":true,"href":"https:\/\/www.lagota.ch\/index.php?rest_route=%2Fwp%2Fv2%2Fcomments&post=2212"}],"version-history":[{"count":1,"href":"https:\/\/www.lagota.ch\/index.php?rest_route=\/wp\/v2\/posts\/2212\/revisions"}],"predecessor-version":[{"id":2214,"href":"https:\/\/www.lagota.ch\/index.php?rest_route=\/wp\/v2\/posts\/2212\/revisions\/2214"}],"wp:attachment":[{"href":"https:\/\/www.lagota.ch\/index.php?rest_route=%2Fwp%2Fv2%2Fmedia&parent=2212"}],"wp:term":[{"taxonomy":"category","embeddable":true,"href":"https:\/\/www.lagota.ch\/index.php?rest_route=%2Fwp%2Fv2%2Fcategories&post=2212"},{"taxonomy":"post_tag","embeddable":true,"href":"https:\/\/www.lagota.ch\/index.php?rest_route=%2Fwp%2Fv2%2Ftags&post=2212"}],"curies":[{"name":"wp","href":"https:\/\/api.w.org\/{rel}","templated":true}]}}