{"id":2290,"date":"2015-02-23T19:56:09","date_gmt":"2015-02-23T18:56:09","guid":{"rendered":"http:\/\/www.lagota.ch\/?p=2290"},"modified":"2015-02-23T19:56:09","modified_gmt":"2015-02-23T18:56:09","slug":"revolutionar-auf-die-strasse","status":"publish","type":"post","link":"https:\/\/www.lagota.ch\/?p=2290","title":{"rendered":"Revolution\u00e4r auf die Strasse"},"content":{"rendered":"<p>Quelle: <a href=\"http:\/\/revolution\u00e4r.ch\/wordpress\/\">http:\/\/revolution\u00e4r.ch\/wordpress\/<\/a><\/p>\n<p>In den kommenden Wochen finden gleich zwei Demonstrationen aus parlamentarischen bis b\u00fcrgerlichen Kreisen statt. Am Samstag 28.2. gibts in Z\u00fcrich die Demo gegen Rassismus unter dem Motto \u201cBunt statt Braun\u201d, beteiligen wir uns an dieser Demo im <a href=\"http:\/\/www.revmob.ch\/?cat=3\">Revolution\u00e4ren Block<\/a>, denn Bunt alleine reicht nicht! Um dem stetig steigenden Rassismus entgegenzutreten, m\u00fcssen die Probleme bei der Wurzel gepackt werden. (Texte dazu gibts <a href=\"http:\/\/www.untergrund-bl%c3%a4ttle.ch\/politik\/schweiz_die_parlamentarische_linke_und_ihr_verhaeltnis_zur_migration.html\">hier<\/a>)<\/p>\n<p><a href=\"https:\/\/www.lagota.ch\/wp-content\/uploads\/Demomobi.jpg\"><img loading=\"lazy\" decoding=\"async\" class=\"alignleft size-full wp-image-2291\" src=\"https:\/\/www.lagota.ch\/wp-content\/uploads\/Demomobi.jpg\" alt=\"Demomobi\" width=\"884\" height=\"629\" srcset=\"https:\/\/www.lagota.ch\/wp-content\/uploads\/Demomobi.jpg 884w, https:\/\/www.lagota.ch\/wp-content\/uploads\/Demomobi-300x213.jpg 300w\" sizes=\"auto, (max-width: 884px) 100vw, 884px\" \/><\/a>Eine Woche sp\u00e4ter, am 7.3. findet in Bern die Demonstration f\u00fcr Lohngleichheit zwischen M\u00e4nnern und Frauen statt.\u00a0 Ebenfals werden wir an dieser Demo mit <a href=\"http:\/\/ch.indymedia.org\/de\/2015\/02\/94471.shtml\">revolution\u00e4rem Inhalt <\/a>vertreten sein. Denn das Problem wird nicht mit der Lohngleichheit aus der Welt geschafft. Der Kapitalismus n\u00fctzt hier ebenfalls die schlechterstellung der Frau aus, um aus ihr mehr Profit zu schlagen. Doch f\u00fcr uns geht der Kampf weiter; Frauenbefreiung bis zur Herrschaftslosigkeit!<\/p>\n","protected":false},"excerpt":{"rendered":"<p>In den kommenden Wochen finden gleich zwei Demonstrationen aus parlamentarischen bis b\u00fcrgerlichen Kreisen statt. Am Samstag 28.2. gibts in Z\u00fcrich die Demo gegen Rassismus unter dem Motto \u201cBunt statt Braun\u201d, beteiligen wir uns an dieser Demo im Revolution\u00e4ren Block, denn Bunt alleine reicht nicht! Um dem stetig steigenden Rassismus entgegenzutreten, m\u00fcssen die Probleme bei der Wurzel gepackt werden. (Texte dazu gibts hier) <a href=\"https:\/\/www.lagota.ch\/?p=2290\">Continue reading <span class=\"meta-nav\">&rarr;<\/span><\/a><\/p>\n","protected":false},"author":1,"featured_media":0,"comment_status":"closed","ping_status":"open","sticky":false,"template":"","format":"standard","meta":{"footnotes":""},"categories":[13,242,16,18,4,108],"tags":[783,782,784,781],"class_list":["post-2290","post","type-post","status-publish","format-standard","hentry","category-antifa","category-emanzipation","category-schweiz","category-squat-the-world","category-veranstaltung","category-wirtschaftskrise","tag-bunt-statt-braun","tag-demo-gegen-rassismus","tag-lohngleichheit","tag-revolutionar"],"_links":{"self":[{"href":"https:\/\/www.lagota.ch\/index.php?rest_route=\/wp\/v2\/posts\/2290","targetHints":{"allow":["GET"]}}],"collection":[{"href":"https:\/\/www.lagota.ch\/index.php?rest_route=\/wp\/v2\/posts"}],"about":[{"href":"https:\/\/www.lagota.ch\/index.php?rest_route=\/wp\/v2\/types\/post"}],"author":[{"embeddable":true,"href":"https:\/\/www.lagota.ch\/index.php?rest_route=\/wp\/v2\/users\/1"}],"replies":[{"embeddable":true,"href":"https:\/\/www.lagota.ch\/index.php?rest_route=%2Fwp%2Fv2%2Fcomments&post=2290"}],"version-history":[{"count":1,"href":"https:\/\/www.lagota.ch\/index.php?rest_route=\/wp\/v2\/posts\/2290\/revisions"}],"predecessor-version":[{"id":2292,"href":"https:\/\/www.lagota.ch\/index.php?rest_route=\/wp\/v2\/posts\/2290\/revisions\/2292"}],"wp:attachment":[{"href":"https:\/\/www.lagota.ch\/index.php?rest_route=%2Fwp%2Fv2%2Fmedia&parent=2290"}],"wp:term":[{"taxonomy":"category","embeddable":true,"href":"https:\/\/www.lagota.ch\/index.php?rest_route=%2Fwp%2Fv2%2Fcategories&post=2290"},{"taxonomy":"post_tag","embeddable":true,"href":"https:\/\/www.lagota.ch\/index.php?rest_route=%2Fwp%2Fv2%2Ftags&post=2290"}],"curies":[{"name":"wp","href":"https:\/\/api.w.org\/{rel}","templated":true}]}}