{"id":2330,"date":"2015-05-08T16:51:25","date_gmt":"2015-05-08T15:51:25","guid":{"rendered":"http:\/\/www.lagota.ch\/?p=2330"},"modified":"2015-05-08T16:52:45","modified_gmt":"2015-05-08T15:52:45","slug":"polizeigewalt-gegen-demonstrantinnen-und-demonstranten-in-luzern","status":"publish","type":"post","link":"https:\/\/www.lagota.ch\/?p=2330","title":{"rendered":"Polizeigewalt gegen Demonstrantinnen und Demonstranten in Luzern"},"content":{"rendered":"<div><strong>Medienmitteilung der Gruppe &#8220;W\u00fcrde statt H\u00fcrde&#8221;<\/strong>800 friedlich demonstrierende Menschen befanden sich auf dem letzten St\u00fcck zum Pavillon, wo Konzerte, Essen und Reden auf sie warteten, als sich gut ein Duzend Polizistinnen und Polizisten in Kampfmontur und ohne eine Verwarnung ausgesprochen zu haben, auf die vordersten Personen st\u00fcrzte. Die friedliche Menge, darunter viele Kinder und \u00e4ltere Personen, war mit Musik und Parolen rufend durch Luzern gezogen. Ziel war es, gegen kapitalistische Missst\u00e4nde und f\u00fcr Menschenw\u00fcrde zu demonstrieren. Dabei wurde die bunte und gut gelaunte Menge wie jedes Jahr von einem Polizeifahrzeug begleitet, einige wenige Polizistinnen und Polizisten waren unterwegs pr\u00e4sent.<\/p>\n<\/div>\n<div>Auf der Seebr\u00fccke attackierten pl\u00f6tzlich 15 Polizistinnen und Polizisten die Demonstrierenden mit Schlagst\u00f6cken, Pfefferspray und Tr\u00e4nengas. Gleichzeitig sperrten weitere 30 auch in Kampfmontur den R\u00fcckweg ab. Die Brutalit\u00e4t, die die Polizistinnen und Polizisten bei ihrem \u00dcbergriff an den Tag legten, machte die Teilnehmerinnen und Teilnehmer sprachlos. Immer wieder schlugen sie mit Schlagst\u00f6cken auf schon am Boden liegende Personen ein. Das Tr\u00e4nengas l\u00f6ste bei einigen Personen Atemprobleme aus. Vier Personen wurden verhaftet. Das Schockierende am Polizeieinsatz war die gezielt brutale Art des \u00dcbergriffs auf einen friedlichen Demonstrationszug. Die Polizistinnen und Polizisten hatten sich hinter Kastenw\u00e4gen versteckt und gewartet, bis sich die Menschen auf der Seebr\u00fccke befanden.<\/div>\n<div>Die Gruppe W\u00fcrde statt H\u00fcrde verurteilt die erlebte Polizeigewalt, die sich gegen friedliche<\/div>\n<div>Menschen an einer bewilligten Demonstration richtete, auf Sch\u00e4rfste! Weder die Vermummung von einigen wenigen Personen, noch das Z\u00fcnden von Feuerwerksk\u00f6rpern legitimiert eine Attacke mit Schlagst\u00f6cken und Tr\u00e4nengas, zumal zu keiner Zeit ein aggressives oder Dritte gef\u00e4hrdendes Verhalten beobachtbar war. Der Polizeieinsatz war absolut unverh\u00e4ltnism\u00e4ssig. Die von der Polizei als illegal bewertete Vermummung h\u00e4tte, wenn schon,<\/div>\n<div>verh\u00e4ltnism\u00e4ssigerweise mit einer Busse abgehandelt werden k\u00f6nnen. Die Gruppe W\u00fcrde statt H\u00fcrde ist besorgt und emp\u00f6rt \u00fcber das gezeigte Mass an Brutalit\u00e4t und Gewaltbereitschaft seitens der Polizei gegen\u00fcber von friedlich demonstrierenden Personen und ist gespannt, wie die Polizei sie zu legitimieren versucht.<\/div>\n<div><\/div>\n<p>Aktion W\u00fcrde statt H\u00fcrde<\/p>\n","protected":false},"excerpt":{"rendered":"<p>800 friedlich demonstrierende Menschen befanden sich auf dem letzten St\u00fcck zum Pavillon, wo Konzerte, Essen und Reden auf sie warteten, als sich gut ein Duzend Polizistinnen und Polizisten in Kampfmontur und ohne eine Verwarnung ausgesprochen zu haben, auf die vordersten Personen st\u00fcrzte. Die friedliche Menge, darunter viele Kinder und \u00e4ltere Personen, war mit Musik und Parolen rufend durch Luzern gezogen. Ziel war es, gegen kapitalistische Missst\u00e4nde und f\u00fcr Menschenw\u00fcrde zu demonstrieren. Dabei wurde die bunte und gut gelaunte Menge wie jedes Jahr von einem Polizeifahrzeug begleitet, einige wenige Polizistinnen und Polizisten waren unterwegs pr\u00e4sent. <a href=\"https:\/\/www.lagota.ch\/?p=2330\">Continue reading <span class=\"meta-nav\">&rarr;<\/span><\/a><\/p>\n","protected":false},"author":1,"featured_media":0,"comment_status":"closed","ping_status":"open","sticky":false,"template":"","format":"standard","meta":{"footnotes":""},"categories":[49,11,6],"tags":[1148,579,805,806],"class_list":["post-2330","post","type-post","status-publish","format-standard","hentry","category-antirep","category-luzern","category-news","tag-luzern","tag-polizeigewalt","tag-seebrucke","tag-verhaltnissmassigkeit"],"_links":{"self":[{"href":"https:\/\/www.lagota.ch\/index.php?rest_route=\/wp\/v2\/posts\/2330","targetHints":{"allow":["GET"]}}],"collection":[{"href":"https:\/\/www.lagota.ch\/index.php?rest_route=\/wp\/v2\/posts"}],"about":[{"href":"https:\/\/www.lagota.ch\/index.php?rest_route=\/wp\/v2\/types\/post"}],"author":[{"embeddable":true,"href":"https:\/\/www.lagota.ch\/index.php?rest_route=\/wp\/v2\/users\/1"}],"replies":[{"embeddable":true,"href":"https:\/\/www.lagota.ch\/index.php?rest_route=%2Fwp%2Fv2%2Fcomments&post=2330"}],"version-history":[{"count":3,"href":"https:\/\/www.lagota.ch\/index.php?rest_route=\/wp\/v2\/posts\/2330\/revisions"}],"predecessor-version":[{"id":2333,"href":"https:\/\/www.lagota.ch\/index.php?rest_route=\/wp\/v2\/posts\/2330\/revisions\/2333"}],"wp:attachment":[{"href":"https:\/\/www.lagota.ch\/index.php?rest_route=%2Fwp%2Fv2%2Fmedia&parent=2330"}],"wp:term":[{"taxonomy":"category","embeddable":true,"href":"https:\/\/www.lagota.ch\/index.php?rest_route=%2Fwp%2Fv2%2Fcategories&post=2330"},{"taxonomy":"post_tag","embeddable":true,"href":"https:\/\/www.lagota.ch\/index.php?rest_route=%2Fwp%2Fv2%2Ftags&post=2330"}],"curies":[{"name":"wp","href":"https:\/\/api.w.org\/{rel}","templated":true}]}}