{"id":2348,"date":"2015-06-10T09:50:20","date_gmt":"2015-06-10T08:50:20","guid":{"rendered":"http:\/\/www.lagota.ch\/?p=2348"},"modified":"2015-06-10T09:50:20","modified_gmt":"2015-06-10T08:50:20","slug":"ni-oubli-ni-pardon","status":"publish","type":"post","link":"https:\/\/www.lagota.ch\/?p=2348","title":{"rendered":"Ni oubli &#8211; ni pardon"},"content":{"rendered":"<p><strong><span class=\"articledesc\">Am Solikonzert im Sedel vom vergangenen Samstag haben wir mit einem Transpi und einer Rede auf die Ermordung von Cl\u00e9ment M\u00e9ric vor zwei Jahren aufmerksam gemacht.<br \/>\n<\/span><\/strong><\/p>\n<p><a href=\"https:\/\/www.lagota.ch\/wp-content\/uploads\/nioublinipardon.jpg\"><img loading=\"lazy\" decoding=\"async\" class=\"alignleft size-full wp-image-2349\" src=\"https:\/\/www.lagota.ch\/wp-content\/uploads\/nioublinipardon.jpg\" alt=\"nioublinipardon\" width=\"640\" height=\"512\" srcset=\"https:\/\/www.lagota.ch\/wp-content\/uploads\/nioublinipardon.jpg 640w, https:\/\/www.lagota.ch\/wp-content\/uploads\/nioublinipardon-300x240.jpg 300w\" sizes=\"auto, (max-width: 640px) 100vw, 640px\" \/><\/a>Cl\u00e9ment M\u00e9ric, ein 18 j\u00e4hriger Politikwissenschaftsstudent, war erst vor kurzem von Brest nach Paris umgezogen. Er war Aktivist der \u201eAntifa Paris Banlieu\u201c und unter anderem Mitglied der anarchosyndikalistischen Gewerkschaft \u201cConfederantion Nacional du Travaille, CNT\u201c, welche von Fl\u00fcchtlingen des Spanisch-Faschistischen Franko-Regimes gegr\u00fcndet wurde. Sp\u00e4ter beteiligte er sich bei der linken bis linksradikalen StudentInnenorganisation \u201cSUD Edutiants\u201c.<\/p>\n<p>Dieser Cl\u00e9ment M\u00e9ric geriet am 5. Juni 2013 in der N\u00e4he des Bahnhofs Saint Lazare zusammen mit einigen Freunden in eine Auseinandersetzung mit Rechtsradikalen. Weil die Kr\u00e4fteverh\u00e4ltnisse zu Beginn ausgeglichen waren, riefen die Neo-Nazis telefonisch Verst\u00e4rkung. Die zahlenm\u00e4ssig stark \u00fcberlegenen Faschisten griffen Cl\u00e9ment und seine Freunde an.<\/p>\n<p>Kurz nach 18 Uhr fielen die t\u00f6dlichen Schl\u00e4ge, und wie die Sonntagszeitung JDD berichtet, zogen die Naziskins nach vollbrachter Tat \u201efrohen Gesichts von dannen, nachdem ihnen klar wurde, dass ihnen niemand folgte\u201c und \u201eklatschten sich gegenseitig in die H\u00e4nde, ungef\u00e4hr als ob sie gerade gemeinsam ein Diplom erhalten h\u00e4tten oder \u00c4hnliches\u201c.<\/p>\n<p>Cl\u00e9ment M\u00e9ric wurde anschliessend ins La Piti\u00e9-Salp\u00e9tri\u00e8re Krankenhaus eingeliefert, noch am gleichen Abend wurde er f\u00fcr Hirntot erkl\u00e4rt und im Verlauf des folgenden Tages wurden die lebenserhaltenden Maschinen abgeschaltet.<\/p>\n<p>Wie die Autopsie ergab, starb Cl\u00e9ment M\u00e9ric nicht an den Folgen des Sturtzes auf den Hinterkopf, sondern direkt an den Folgen des Schlages ins Gesicht, des sp\u00e4ter verhafteten, bekannten Pariser Neonazis Esteban Morillo.<\/p>\n<p>Esteban Morillo wurde in Spanien geboren und wuchs in einem Kaff in der Picardie auf und hat dort als Dorfnazi auf sich aufmerksam gemacht. Zwei Jahre vor der Tat kam er nach Paris, wo er vom Dunstkreis von Serge Ayoub, Inhaber des rechtsextremen Veranstaltungsorts, Le Local\u2018 im Pariser S\u00fcden, ehemaliger Skin-Anf\u00fchrer in den 1980er Jahren und jetzt Kopf einer Minipartei unter dem Namen Troisi\u00e8me Voie\u2018 (Dritter Weg), angezogen wurde.<\/p>\n<p>Quelle: http:\/\/ch.indymedia.org\/de\/2015\/06\/95247.shtml<\/p>\n","protected":false},"excerpt":{"rendered":"<p>Am Solikonzert im Sedel vom vergangenen Samstag haben wir mit einem Transpi und einer Rede auf die Ermordung von Cl\u00e9ment M\u00e9ric vor zwei Jahren aufmerksam gemacht. <a href=\"https:\/\/www.lagota.ch\/?p=2348\">Continue reading <span class=\"meta-nav\">&rarr;<\/span><\/a><\/p>\n","protected":false},"author":1,"featured_media":0,"comment_status":"closed","ping_status":"open","sticky":false,"template":"","format":"standard","meta":{"footnotes":""},"categories":[13,49,11],"tags":[541,207,173,30],"class_list":["post-2348","post","type-post","status-publish","format-standard","hentry","category-antifa","category-antirep","category-luzern","tag-clement-meric","tag-frankreich","tag-neonazis","tag-solidaritat"],"_links":{"self":[{"href":"https:\/\/www.lagota.ch\/index.php?rest_route=\/wp\/v2\/posts\/2348","targetHints":{"allow":["GET"]}}],"collection":[{"href":"https:\/\/www.lagota.ch\/index.php?rest_route=\/wp\/v2\/posts"}],"about":[{"href":"https:\/\/www.lagota.ch\/index.php?rest_route=\/wp\/v2\/types\/post"}],"author":[{"embeddable":true,"href":"https:\/\/www.lagota.ch\/index.php?rest_route=\/wp\/v2\/users\/1"}],"replies":[{"embeddable":true,"href":"https:\/\/www.lagota.ch\/index.php?rest_route=%2Fwp%2Fv2%2Fcomments&post=2348"}],"version-history":[{"count":1,"href":"https:\/\/www.lagota.ch\/index.php?rest_route=\/wp\/v2\/posts\/2348\/revisions"}],"predecessor-version":[{"id":2350,"href":"https:\/\/www.lagota.ch\/index.php?rest_route=\/wp\/v2\/posts\/2348\/revisions\/2350"}],"wp:attachment":[{"href":"https:\/\/www.lagota.ch\/index.php?rest_route=%2Fwp%2Fv2%2Fmedia&parent=2348"}],"wp:term":[{"taxonomy":"category","embeddable":true,"href":"https:\/\/www.lagota.ch\/index.php?rest_route=%2Fwp%2Fv2%2Fcategories&post=2348"},{"taxonomy":"post_tag","embeddable":true,"href":"https:\/\/www.lagota.ch\/index.php?rest_route=%2Fwp%2Fv2%2Ftags&post=2348"}],"curies":[{"name":"wp","href":"https:\/\/api.w.org\/{rel}","templated":true}]}}