{"id":2351,"date":"2015-06-16T09:06:39","date_gmt":"2015-06-16T08:06:39","guid":{"rendered":"http:\/\/www.lagota.ch\/?p=2351"},"modified":"2015-06-16T09:07:20","modified_gmt":"2015-06-16T08:07:20","slug":"20-6-demo-gegen-rassismus-und-grenzen-in-fribourg","status":"publish","type":"post","link":"https:\/\/www.lagota.ch\/?p=2351","title":{"rendered":"20.6.: Demo gegen Rassismus und Grenzen in Fribourg"},"content":{"rendered":"<p>Am 20. Juni findet in Fribourg eine Demonstration zum Fl\u00fcchtlingstag statt. Man besammelt sich um 14 Uhr beim l\u2019ancienne Gare und geht von dort weiter zum Place Python, wo es einige Reden zu Themen wie racial profiling, die Flucht \u00fcber das Mittelmeer und der Situation der Sans-Papiers in der Schweiz gibt. Die Reden werden unter anderem von Direktbetroffenen gehalten.<\/p>\n<p><a href=\"https:\/\/www.lagota.ch\/wp-content\/uploads\/Grenzen-t\u00f6ten.jpg\"><img loading=\"lazy\" decoding=\"async\" class=\"alignleft size-large wp-image-2352\" src=\"https:\/\/www.lagota.ch\/wp-content\/uploads\/Grenzen-t\u00f6ten-1024x378.jpg\" alt=\"Grenzen-t\u00f6ten\" width=\"1024\" height=\"378\" srcset=\"https:\/\/www.lagota.ch\/wp-content\/uploads\/Grenzen-t\u00f6ten-1024x378.jpg 1024w, https:\/\/www.lagota.ch\/wp-content\/uploads\/Grenzen-t\u00f6ten-300x110.jpg 300w\" sizes=\"auto, (max-width: 1024px) 100vw, 1024px\" \/><\/a><br \/>\nWir gehen auf die Strasse f\u00fcr eine Welt ohne Diskriminierung und Unterdr\u00fcckung, f\u00fcr ein solidarisches und gemeinschaftliches Zusammenleben, eine Welt ohne Grenzen und Hierarchien.<\/p>\n<p>Grenzen auf, \u00fcberall, kein Mensch ist illegal!<\/p>\n<p>Quelle: <a href=\"http:\/\/revolution\u00e4r.ch\/wordpress\/\">http:\/\/revolution\u00e4r.ch\/wordpress\/<\/a><\/p>\n","protected":false},"excerpt":{"rendered":"<p>Am 20. Juni findet in Fribourg eine Demonstration zum Fl\u00fcchtlingstag statt. Man besammelt sich um 14 Uhr beim l\u2019ancienne Gare und geht von dort weiter zum Place Python, wo es einige Reden zu Themen wie racial profiling, die Flucht \u00fcber das Mittelmeer und der Situation der Sans-Papiers in der Schweiz gibt. Die Reden werden unter anderem von Direktbetroffenen gehalten. <a href=\"https:\/\/www.lagota.ch\/?p=2351\">Continue reading <span class=\"meta-nav\">&rarr;<\/span><\/a><\/p>\n","protected":false},"author":1,"featured_media":0,"comment_status":"closed","ping_status":"open","sticky":false,"template":"","format":"standard","meta":{"footnotes":""},"categories":[13,10,406,16,108],"tags":[145,686,810],"class_list":["post-2351","post","type-post","status-publish","format-standard","hentry","category-antifa","category-aus-aller-welt","category-migration","category-schweiz","category-wirtschaftskrise","tag-demonstration","tag-fluchtlingstag","tag-freiburg"],"_links":{"self":[{"href":"https:\/\/www.lagota.ch\/index.php?rest_route=\/wp\/v2\/posts\/2351","targetHints":{"allow":["GET"]}}],"collection":[{"href":"https:\/\/www.lagota.ch\/index.php?rest_route=\/wp\/v2\/posts"}],"about":[{"href":"https:\/\/www.lagota.ch\/index.php?rest_route=\/wp\/v2\/types\/post"}],"author":[{"embeddable":true,"href":"https:\/\/www.lagota.ch\/index.php?rest_route=\/wp\/v2\/users\/1"}],"replies":[{"embeddable":true,"href":"https:\/\/www.lagota.ch\/index.php?rest_route=%2Fwp%2Fv2%2Fcomments&post=2351"}],"version-history":[{"count":2,"href":"https:\/\/www.lagota.ch\/index.php?rest_route=\/wp\/v2\/posts\/2351\/revisions"}],"predecessor-version":[{"id":2354,"href":"https:\/\/www.lagota.ch\/index.php?rest_route=\/wp\/v2\/posts\/2351\/revisions\/2354"}],"wp:attachment":[{"href":"https:\/\/www.lagota.ch\/index.php?rest_route=%2Fwp%2Fv2%2Fmedia&parent=2351"}],"wp:term":[{"taxonomy":"category","embeddable":true,"href":"https:\/\/www.lagota.ch\/index.php?rest_route=%2Fwp%2Fv2%2Fcategories&post=2351"},{"taxonomy":"post_tag","embeddable":true,"href":"https:\/\/www.lagota.ch\/index.php?rest_route=%2Fwp%2Fv2%2Ftags&post=2351"}],"curies":[{"name":"wp","href":"https:\/\/api.w.org\/{rel}","templated":true}]}}