{"id":2361,"date":"2015-06-24T12:19:12","date_gmt":"2015-06-24T11:19:12","guid":{"rendered":"http:\/\/www.lagota.ch\/?p=2361"},"modified":"2015-06-24T12:19:12","modified_gmt":"2015-06-24T11:19:12","slug":"direkte-aktionen-und-demonstrationen-am-fluchtlingstag","status":"publish","type":"post","link":"https:\/\/www.lagota.ch\/?p=2361","title":{"rendered":"Direkte Aktionen und Demonstrationen am Fl\u00fcchtlingstag"},"content":{"rendered":"<p><span class=\"articletext\">Am diesj\u00e4hrigen Fl\u00fcchtlingstag kam es schweizweit zu starken Protestaktionen gegen das rassistische Asyl- und Migrationsregime. Die Aktionen verbindet der Wille, den Rassismus gegen Gefl\u00fcchtete auf der Strasse als entschiedene Bewegung von unten zu bek\u00e4mpfen und im Alltag alles zu tun, um ihm den Boden zu entziehen.<br \/>\nDas Mittelmeer ist ein Massengrab, die EU-Aussengrenze ein militarisierter Schutzwall von Nord gegen S\u00fcd, Reich gegen Arm, Weiss gegen Schwarz. Grenzen schaffen in der Schweiz ein Paradies f\u00fcr Rohstoffraub, Steuerflucht oder Finanzr\u00e4uberei und eine H\u00f6lle f\u00fcr Migrant_innen, die mehr sein wollen als Mehrwert. Dieses System braucht eine h\u00f6r- und sp\u00fcrbare Absage.<\/p>\n<p><a href=\"https:\/\/www.lagota.ch\/wp-content\/uploads\/fluechtlingstag.jpg\"><img loading=\"lazy\" decoding=\"async\" class=\"alignleft size-full wp-image-2362\" src=\"https:\/\/www.lagota.ch\/wp-content\/uploads\/fluechtlingstag.jpg\" alt=\"fluechtlingstag\" width=\"640\" height=\"405\" srcset=\"https:\/\/www.lagota.ch\/wp-content\/uploads\/fluechtlingstag.jpg 640w, https:\/\/www.lagota.ch\/wp-content\/uploads\/fluechtlingstag-300x189.jpg 300w\" sizes=\"auto, (max-width: 640px) 100vw, 640px\" \/><\/a>Im Z\u00fcrcher Flughafen demonstrierten 50 Aktivist_innen lautstark gegen die rassistische Praxis der Ausschaffungen und st\u00f6rten das Zusammenspiel der beteiligten Profiteur_innen. Die Reisenden wurden darauf aufmerksam gemacht, dass sie eine Ausschaffung bereits durch ein bisschen Zivilcourage verhindern k\u00f6nnen. Auch vor dem Ausschaffungsknast in Kloten kam es zu Protest. Mit einem Knastspaziergang dr\u00fcckten 200 Menschen ihre Solidarit\u00e4t mit den dort inhaftierten Menschen aus.<\/p>\n<p>In der Genfer Innenstadt marschierten 1500 Personen zum Slogan \u201eBunker zu, Grenzen auf\u201c. Die Demo solidarisierte sich mit den ehemaligen Bewohner_innen des \u201eFoyer des Tattes\u201c. Diese widersetzen sich seit dem 15. Juni gegen die Verlegung in unterirdische Asylbunker. Aus Protest besetzen sie seither das Kulturzentrum Gr\u00fctli. Die Demonstration und die Besetzung der abgewiesenen Asylsuchenden fordern, dass die Transfers nicht stattfinden, die Schliessung aller Asylbunker und menschenw\u00fcrdige Wohnungen f\u00fcr alle.<\/p>\n<p>In Basel beteiligten sich 40 Personen an einer Protestaktion gegen Lager und die falsche Fl\u00fcchtlingspolitik. \u201eEin schlechtes System wird nicht besser, wenn es schneller wird\u201c, hiess es im Aufruf zur Demonstration.<\/p>\n<p>In Baar haben Aktivist_innen ein grosses Transparent mit der Aufschrift \u201eF\u00fcr eine Welt ohne Grenzen\u201c aufgeh\u00e4ngt.<\/p>\n<p>In Bern haben Aktivist_innen auf der Route der Tour de Suisse zahlreiche Parolen auf die Strasse gemalt.<\/p>\n<p>In Freiburg demonstrierten \u00fcber 100 Personen gegen den Rassismus des Asylsystems. Viele Migrant_innen beschrieben am Mikrophon die Probleme, die sich f\u00fcr sie in der rassistischen Schweiz ergeben. Die Demo forderte auch Freiheit f\u00fcr Mehmet Yesil\u00e7ali. Dieser ist in Freiburg inhaftiert. Die Schweiz will den anerkannten Fl\u00fcchtling aus der T\u00fcrkei nach Deutschland verschleppen.<\/p>\n<p>In Lausanne wurden Passant_innen auf die m\u00f6rderische Situation im Mittelmeerraum aufmerksam gemacht. Zu Stosszeiten haben zahlreiche Personen an der Aktion \u201eBr\u00fccken, statt Mauern f\u00fcr neue Perspektiven\u201c teilgenommen.<\/p>\n<p>Quelle: http:\/\/ch.indymedia.org\/images\/2015\/06\/95346.jpg<br \/>\n<\/span><\/p>\n","protected":false},"excerpt":{"rendered":"<p>Am diesj\u00e4hrigen Fl\u00fcchtlingstag kam es schweizweit zu starken Protestaktionen gegen das rassistische Asyl- und Migrationsregime. Die Aktionen verbindet der Wille, den Rassismus gegen Gefl\u00fcchtete auf der Strasse als entschiedene Bewegung von unten zu bek\u00e4mpfen und im Alltag alles zu tun, um ihm den Boden zu entziehen. Das Mittelmeer ist ein Massengrab, die EU-Aussengrenze ein militarisierter Schutzwall von Nord gegen S\u00fcd, Reich gegen Arm, Weiss gegen Schwarz. Grenzen schaffen in der Schweiz ein Paradies f\u00fcr Rohstoffraub, Steuerflucht oder Finanzr\u00e4uberei und eine H\u00f6lle f\u00fcr Migrant_innen, die mehr sein wollen als Mehrwert. Dieses System braucht eine h\u00f6r- und sp\u00fcrbare Absage.  <a href=\"https:\/\/www.lagota.ch\/?p=2361\">Continue reading <span class=\"meta-nav\">&rarr;<\/span><\/a><\/p>\n","protected":false},"author":1,"featured_media":0,"comment_status":"closed","ping_status":"open","sticky":false,"template":"","format":"standard","meta":{"footnotes":""},"categories":[13,328,406,6,16,18,108],"tags":[352,1160,103],"class_list":["post-2361","post","type-post","status-publish","format-standard","hentry","category-antifa","category-antira","category-migration","category-news","category-schweiz","category-squat-the-world","category-wirtschaftskrise","tag-bleiberecht","tag-migration","tag-rassismus"],"_links":{"self":[{"href":"https:\/\/www.lagota.ch\/index.php?rest_route=\/wp\/v2\/posts\/2361","targetHints":{"allow":["GET"]}}],"collection":[{"href":"https:\/\/www.lagota.ch\/index.php?rest_route=\/wp\/v2\/posts"}],"about":[{"href":"https:\/\/www.lagota.ch\/index.php?rest_route=\/wp\/v2\/types\/post"}],"author":[{"embeddable":true,"href":"https:\/\/www.lagota.ch\/index.php?rest_route=\/wp\/v2\/users\/1"}],"replies":[{"embeddable":true,"href":"https:\/\/www.lagota.ch\/index.php?rest_route=%2Fwp%2Fv2%2Fcomments&post=2361"}],"version-history":[{"count":1,"href":"https:\/\/www.lagota.ch\/index.php?rest_route=\/wp\/v2\/posts\/2361\/revisions"}],"predecessor-version":[{"id":2363,"href":"https:\/\/www.lagota.ch\/index.php?rest_route=\/wp\/v2\/posts\/2361\/revisions\/2363"}],"wp:attachment":[{"href":"https:\/\/www.lagota.ch\/index.php?rest_route=%2Fwp%2Fv2%2Fmedia&parent=2361"}],"wp:term":[{"taxonomy":"category","embeddable":true,"href":"https:\/\/www.lagota.ch\/index.php?rest_route=%2Fwp%2Fv2%2Fcategories&post=2361"},{"taxonomy":"post_tag","embeddable":true,"href":"https:\/\/www.lagota.ch\/index.php?rest_route=%2Fwp%2Fv2%2Ftags&post=2361"}],"curies":[{"name":"wp","href":"https:\/\/api.w.org\/{rel}","templated":true}]}}