{"id":2364,"date":"2015-06-29T09:25:52","date_gmt":"2015-06-29T08:25:52","guid":{"rendered":"http:\/\/www.lagota.ch\/?p=2364"},"modified":"2015-06-29T09:25:52","modified_gmt":"2015-06-29T08:25:52","slug":"luzernerfestung-politisert","status":"publish","type":"post","link":"https:\/\/www.lagota.ch\/?p=2364","title":{"rendered":"Luzernerfest(ung) politisert"},"content":{"rendered":"<p><span class=\"articletext\"><strong>Quelle: <\/strong><a href=\"http:\/\/ch.indymedia.org\/de\/2015\/06\/95404.shtml\">http:\/\/ch.indymedia.org\/de\/2015\/06\/95404.shtml<\/a><\/span><\/p>\n<p><span class=\"articletext\"><strong><br \/>\nGestern Samstag sind ca. 50 Personen auf die Strassem Luzerns gegangen. Wie angek\u00fcndigt wurden die Menschen in der Innenstadt, die f\u00fcr das Fest reserviert war, mit den Auswirkungen der unmenschlichen Asypolitik konfrontiert.<\/strong><\/p>\n<p><a href=\"https:\/\/www.lagota.ch\/wp-content\/uploads\/lufest.jpg\"><img loading=\"lazy\" decoding=\"async\" class=\"alignleft size-full wp-image-2365\" src=\"https:\/\/www.lagota.ch\/wp-content\/uploads\/lufest.jpg\" alt=\"lufest\" width=\"640\" height=\"342\" srcset=\"https:\/\/www.lagota.ch\/wp-content\/uploads\/lufest.jpg 640w, https:\/\/www.lagota.ch\/wp-content\/uploads\/lufest-300x160.jpg 300w\" sizes=\"auto, (max-width: 640px) 100vw, 640px\" \/><\/a>Unz\u00e4hlige Kinder spazierten mit farbigen &#8220;Refugees welcome Ballons&#8221;\u00a0 durch die Stadt. Auch die an jeder Ecke aufgestellten Grabsteine, Kreidemalereien und aufgeh\u00e4ngten Transparente, regten die Passant_innen zum Nachdenken an.<br \/>\nMit all diesen Aktionen machten die Aktivist_innen darauf aufmerksam, dass w\u00e4hrend hier privilegierte Menschen vor allem konsumieren, Menschen beim Versuch an genau diesen Privilegien teilzuhaben, sterben.<br \/>\nSelbst wenn der Weg in die Schweiz geschafft ist, bleibt den Asylsuchenden ein Leben in W\u00fcrde verwehrt.<\/p>\n<p>Stadt und Polizei, die das solidarische Treiben gerne bewilligt gesehen h\u00e4tten, wahren sehr pr\u00e4sent, beschr\u00e4nkten sich aber darauf, die Demo zu suchen und \u00fcberfordert\u00a0 Fotos zu schiessen.<\/p>\n<p>Am Abend solidarisierten sich K\u00fcnstler_innen, die am offiziellen Fest auftraten, mit der Aktion und bezogen Stellung mit Transparenten auf der B\u00fchne.<\/p>\n<p>wir werden keine Ruhe geben, bis wir ohne Grenzen Leben..!<\/span><\/p>\n","protected":false},"excerpt":{"rendered":"<p>Gestern Samstag sind ca. 50 Personen auf die Strassem Luzerns gegangen. Wie angek\u00fcndigt wurden die Menschen in der Innenstadt, die f\u00fcr das Fest reserviert war, mit den Auswirkungen der unmenschlichen Asypolitik konfrontiert. <a href=\"https:\/\/www.lagota.ch\/?p=2364\">Continue reading <span class=\"meta-nav\">&rarr;<\/span><\/a><\/p>\n","protected":false},"author":1,"featured_media":0,"comment_status":"closed","ping_status":"open","sticky":false,"template":"","format":"standard","meta":{"footnotes":""},"categories":[13,328,11,406,16,18],"tags":[813,812,811,814],"class_list":["post-2364","post","type-post","status-publish","format-standard","hentry","category-antifa","category-antira","category-luzern","category-migration","category-schweiz","category-squat-the-world","tag-grabsteine","tag-kreide","tag-luzerner-fest","tag-refugees"],"_links":{"self":[{"href":"https:\/\/www.lagota.ch\/index.php?rest_route=\/wp\/v2\/posts\/2364","targetHints":{"allow":["GET"]}}],"collection":[{"href":"https:\/\/www.lagota.ch\/index.php?rest_route=\/wp\/v2\/posts"}],"about":[{"href":"https:\/\/www.lagota.ch\/index.php?rest_route=\/wp\/v2\/types\/post"}],"author":[{"embeddable":true,"href":"https:\/\/www.lagota.ch\/index.php?rest_route=\/wp\/v2\/users\/1"}],"replies":[{"embeddable":true,"href":"https:\/\/www.lagota.ch\/index.php?rest_route=%2Fwp%2Fv2%2Fcomments&post=2364"}],"version-history":[{"count":1,"href":"https:\/\/www.lagota.ch\/index.php?rest_route=\/wp\/v2\/posts\/2364\/revisions"}],"predecessor-version":[{"id":2366,"href":"https:\/\/www.lagota.ch\/index.php?rest_route=\/wp\/v2\/posts\/2364\/revisions\/2366"}],"wp:attachment":[{"href":"https:\/\/www.lagota.ch\/index.php?rest_route=%2Fwp%2Fv2%2Fmedia&parent=2364"}],"wp:term":[{"taxonomy":"category","embeddable":true,"href":"https:\/\/www.lagota.ch\/index.php?rest_route=%2Fwp%2Fv2%2Fcategories&post=2364"},{"taxonomy":"post_tag","embeddable":true,"href":"https:\/\/www.lagota.ch\/index.php?rest_route=%2Fwp%2Fv2%2Ftags&post=2364"}],"curies":[{"name":"wp","href":"https:\/\/api.w.org\/{rel}","templated":true}]}}