{"id":2387,"date":"2015-08-07T13:02:52","date_gmt":"2015-08-07T12:02:52","guid":{"rendered":"http:\/\/www.lagota.ch\/?p=2387"},"modified":"2015-08-07T13:03:22","modified_gmt":"2015-08-07T12:03:22","slug":"%e2%86%90-communique-demo-solidaritat-mit-der-kurdischen-bevolkerung-29-juli-15-communique-zur-demo-no-borders-no-nations","status":"publish","type":"post","link":"https:\/\/www.lagota.ch\/?p=2387","title":{"rendered":"Communiqu\u00e9 zur Demo \u201eNo Borders No Nations\u201c"},"content":{"rendered":"<p><strong>No Borders No Nations ist mehr als ein Festival: Demonstration am 1. August in Bern<\/strong><br \/>\n<strong> Heute am 1. August demonstrierten rund 500 Personen gegen Grenzen und Nationen. Die Demonstration besammelte sich auf dem berner Bahnhofplatz und zog entschlossen durch die Innenstadt. Nach einem Punkkonzert auf dem Bundesplatz endete die Demo auf der Sch\u00fctzenmatte beim Reitschul-Festival No Borders No Nations.<\/strong><\/p>\n<p><a href=\"http:\/\/xn--revolutionr-u8a.ch\/wordpress\/wp-content\/uploads\/2015\/08\/95583.jpg\"><img loading=\"lazy\" decoding=\"async\" class=\"alignright size-full wp-image-1587\" src=\"http:\/\/xn--revolutionr-u8a.ch\/wordpress\/wp-content\/uploads\/2015\/08\/95583.jpg\" alt=\"95583\" width=\"640\" height=\"408\" \/><\/a><\/p>\n<p>&nbsp;<\/p>\n<p><span id=\"more-1585\"><\/span>\u201eWer den 1. August mitfeiert, feiert auch Ausbeutung, Diskriminierung, Ausgrenzung und Brandmarkung von Migrant*innen, denn nebst Banken und K\u00e4se z\u00e4hlt der Rassismus zu den langj\u00e4hrigen Traditionen dieses Landes. Lasst uns ihre nationalistische Party verderben\u201c hiess es in einem Redebeitr\u00e4g.<br \/>\nDie Demonstration richtete sich gegen die landesweite Verherrlichung von Nationalismus und Rassismus. Staaten, ihre Grenzen und ihre Mythen sind politische Konstrukte. Sie teilen Menschen in In- und Ausl\u00e4nder*innen und gaukeln ihnen vor, es g\u00e4be ein \u201ewir\u201c, welches mit \u201eden Anderen\u201c so wenig gemeinsam hat, dass mensch sie schlechter behandeln und ausnutzen, mitunter sterben lassen kann. In diesen Konstrukten geht es nicht darum, das Beste f\u00fcr die Menschen herauszuholen. Es geht darum, in der Konkurrenz der Nationen erfolgreich zu sein \u2013 auf Kosten der einheimischen und migrantischen Bev\u00f6lkerung. Die Demonstration hat dazu beigetragen, dass dies nicht so bleibt!<br \/>\nHeute fanden sich in Bern hunderte Menschen zusammen, die sich nicht mehr f\u00fcr nationalstaatliche Logik, f\u00fcr Ausgrenzung und Ausbeutung einspannen lassen. Menschen, die sich \u00fcber alle Grenzen hinweg, f\u00fcr ein gutes Leben f\u00fcr alle und f\u00fcr mehr Menschlichkeit einsetzen!<br \/>\nHoch die antinationale Solidarit\u00e4t!<\/p>\n<p>Quelle: <a href=\"http:\/\/revolution\u00e4r.ch\/wordpress\/?p=1585#more-1585\">http:\/\/revolution\u00e4r.ch\/wordpress\/?p=1585#more-1585<\/a><\/p>\n","protected":false},"excerpt":{"rendered":"<p>No Borders No Nations ist mehr als ein Festival: Demonstration am 1. August in Bern<br \/>\nHeute am 1. August demonstrierten rund 500 Personen gegen Grenzen und Nationen. Die Demonstration besammelte sich auf dem berner Bahnhofplatz und zog entschlossen durch die Innenstadt. Nach einem Punkkonzert auf dem Bundesplatz endete die Demo auf der Sch\u00fctzenmatte beim Reitschul-Festival No Borders No Nations. <a href=\"https:\/\/www.lagota.ch\/?p=2387\">Continue reading <span class=\"meta-nav\">&rarr;<\/span><\/a><\/p>\n","protected":false},"author":1,"featured_media":0,"comment_status":"closed","ping_status":"open","sticky":false,"template":"","format":"standard","meta":{"footnotes":""},"categories":[13,328,406,16,18],"tags":[679,816,103,821],"class_list":["post-2387","post","type-post","status-publish","format-standard","hentry","category-antifa","category-antira","category-migration","category-schweiz","category-squat-the-world","tag-nationalismus","tag-no-borders","tag-rassismus","tag-smash-capitalism"],"_links":{"self":[{"href":"https:\/\/www.lagota.ch\/index.php?rest_route=\/wp\/v2\/posts\/2387","targetHints":{"allow":["GET"]}}],"collection":[{"href":"https:\/\/www.lagota.ch\/index.php?rest_route=\/wp\/v2\/posts"}],"about":[{"href":"https:\/\/www.lagota.ch\/index.php?rest_route=\/wp\/v2\/types\/post"}],"author":[{"embeddable":true,"href":"https:\/\/www.lagota.ch\/index.php?rest_route=\/wp\/v2\/users\/1"}],"replies":[{"embeddable":true,"href":"https:\/\/www.lagota.ch\/index.php?rest_route=%2Fwp%2Fv2%2Fcomments&post=2387"}],"version-history":[{"count":3,"href":"https:\/\/www.lagota.ch\/index.php?rest_route=\/wp\/v2\/posts\/2387\/revisions"}],"predecessor-version":[{"id":2390,"href":"https:\/\/www.lagota.ch\/index.php?rest_route=\/wp\/v2\/posts\/2387\/revisions\/2390"}],"wp:attachment":[{"href":"https:\/\/www.lagota.ch\/index.php?rest_route=%2Fwp%2Fv2%2Fmedia&parent=2387"}],"wp:term":[{"taxonomy":"category","embeddable":true,"href":"https:\/\/www.lagota.ch\/index.php?rest_route=%2Fwp%2Fv2%2Fcategories&post=2387"},{"taxonomy":"post_tag","embeddable":true,"href":"https:\/\/www.lagota.ch\/index.php?rest_route=%2Fwp%2Fv2%2Ftags&post=2387"}],"curies":[{"name":"wp","href":"https:\/\/api.w.org\/{rel}","templated":true}]}}