{"id":2395,"date":"2015-09-16T08:28:28","date_gmt":"2015-09-16T07:28:28","guid":{"rendered":"http:\/\/www.lagota.ch\/?p=2395"},"modified":"2015-09-16T10:12:58","modified_gmt":"2015-09-16T09:12:58","slug":"basel-demo-noborder-nonation-noconex","status":"publish","type":"post","link":"https:\/\/www.lagota.ch\/?p=2395","title":{"rendered":"Basel: Demo NoBorder &#8211; NoNation &#8211; NoConex"},"content":{"rendered":"<p><span class=\"articletext\">Weder Grenzen noch Nationen. Conex15 sabotieren.<\/span><\/p>\n<p>Die vom 16.-25. September in der Nordwestschweiz stattfindende Truppen\u00fcbung der Schweizer Armee &#8220;CONEX15&#8221; formuliert das Bedrohungsszenario wie folgt: &#8220;In einem fiktiven Europa der Zukunft, mit neuen L\u00e4ndern und Grenzen, herrscht Wirtschaftskrise. Die Folgen wirken sich auch auf die Schweiz aus: Verknappung der Vorr\u00e4te, Schwarzhandel, kriminelle Organisationen. Grosse \u00d6l-, Gas- und Getreidevorr\u00e4te werden zum Ziel von Sabotagen und Pl\u00fcnderungen. Ausserdem f\u00fchren ethnische Spannungen zu gr\u00f6sseren Fl\u00fcchtlingsstr\u00f6men in die Schweiz.&#8221;<\/p>\n<p>Im gegenw\u00e4rtigen Europa treibt die Wirtschaftskrise immer mehr Menschen in die Armut und teilweise k\u00f6nnen grundlegendste Lebensbed\u00fcrfnisse nicht befriedigt werden. F\u00fcr Millionen von Menschen nur eine Realit\u00e4t: Leere Geldbeutel und t\u00e4gliches K\u00e4mpfen, um sich irgendwie \u00fcber Wasser halten zu k\u00f6nnen.<\/p>\n<p><a href=\"https:\/\/www.lagota.ch\/wp-content\/uploads\/nobordersnonations.jpg\"><img loading=\"lazy\" decoding=\"async\" class=\"alignleft size-full wp-image-2396\" src=\"https:\/\/www.lagota.ch\/wp-content\/uploads\/nobordersnonations.jpg\" alt=\"nobordersnonations\" width=\"284\" height=\"640\" srcset=\"https:\/\/www.lagota.ch\/wp-content\/uploads\/nobordersnonations.jpg 284w, https:\/\/www.lagota.ch\/wp-content\/uploads\/nobordersnonations-133x300.jpg 133w\" sizes=\"auto, (max-width: 284px) 100vw, 284px\" \/><\/a>Im Europa der Gegenwart, wie auch in der Schweiz, werden die Grenzen schon heute militarisiert. Migrant_Innen, die vor Krieg, Unterdr\u00fcckung und Elend fliehen, um in Europa nach einem besseren Leben zu suchen, treffen auf befestigte Grenzschutzanlagen, werden mit Flugzeugen, Drohnen, Schiffen und Satelliten\u00fcberwachung daran gehindert, die Grenzen zu \u00fcberqueren. Dies ist umso grotesker, wenn man sich ansieht, wie die europ\u00e4ischen Staaten an der Ausbeutung und \u201eDestabilisierung\u201c anderer L\u00e4nder beteiligt sind.<\/p>\n<p>F\u00fcr die Menschen, denen die gef\u00e4hrliche Einreise gelingt, wartet ein Leben in den Lagern und Kn\u00e4sten der Demokratien Europas: Ein Leben unter \u00dcberwachung und Kontrolle, den M\u00fchlen der Asylgesetze ausgeliefert und der st\u00e4ndigen Bedrohung ausgesetzt, wieder ausgeschafft zu werden. Gleichzeitig wird wiederum aus den Menschen Profit geschlagen, entweder in dem sie als billige Arbeitskr\u00e4fte ausgebeutet werden oder durch ihre Verwaltung, welche ihnen ein selbstbestimmtes Leben verunm\u00f6glicht. So profitieren auch in der Schweiz eine Menge Firmen, wie z.B. ORS, Securitas etc., an der Verwaltung der Lager, der Kontrolle der Migrant_innen etc.<\/p>\n<p>Die Fragen, die Szenarien, auf die im Rahmen dieser Milit\u00e4r\u00fcbung Antworten gesucht werden, sind f\u00fcr uns die Fragen der Regierenden und derer, die in diesem kapitalistischen System die Macht besitzen und\/oder an seinem Fortbestand festhalten: Es ist die Frage, wie die gesellschaftlichen und politischen Machtpositionen weltweit aufrecht und die Kapitalgewinne gesichert werden k\u00f6nnen; wie man die Menschen dazu bringt, sich immer weiter ausbeuten zu lassen; wie man \u201eunerw\u00fcnschte\u201c Migrant_innen davon abh\u00e4lt, nach Europa resp. in die Schweiz zu kommen. Und schliesslich wie man all jene mundtot macht, die gegen all das k\u00e4mpfen oder auch einfach nach Selbsterm\u00e4chtigung streben.<\/p>\n<p>Ihre Antworten sind immer dieselben: Versch\u00e4rfung der Gesetze, Ausbau des Repressionsapparates mit seinen Bullen und Kn\u00e4sten und wenns n\u00f6tig erscheint der Einsatz des Milit\u00e4rs.<\/p>\n<p>Die Milit\u00e4r\u00fcbung Conex 15 ist ein Beispiel, wie eine solche Antwort aussieht und nur eine Sichtbarmachung der Strategien und Ziele der Herrschenden.<\/p>\n<p>Zus\u00e4tzlich geht es bei der \u00dcbung um eine psychologische Wirkung, die sie auf die Bev\u00f6lkerung haben soll: Ein Bedrohungsszenario von &#8220;Aussen&#8221; wird heraufbeschworenen und gleichzeitig betont, dass man seine \u201estabile Demokratie und Wirtschaft sch\u00fctzen m\u00fcsse\u201c. Militarisierung und Repression sollen dadurch legitimiert werden, wobei sich die Menschen auch an die Pr\u00e4senz von Soldaten auf den Strassen gew\u00f6hnen sollen, genauso wie daran, dass man Menschen in Lagern einsperrt.<\/p>\n<p>Wir verlangen nicht mehr Demokratie oder einen gerechteren Kapitalismus. Denn auch die Demokratie ist nur eine Regierungsform, die dazu dient die Menschen im kapitalistischen System zu kontrollieren und zu verwalten und sie davon abzuhalten, selbst zu denken und zu handeln, indem Ihnen Mitbestimmung vorgegaukelt wird. Demokratie, Nationalstaat und Kapitalismus dienen ein und derselben Logik: Der Verwertbarkeit und der Kontrolle der Menschen. In dieser Logik werden Grenzen, Lager, Kn\u00e4ste, Ausschaffungen etc. immer existieren.<\/p>\n<p>Wir haben keine Antwort auf diese Fragen innerhalb dieser Ordnung und dieses Systems. Unsere einzige Antwort ist die Wut \u00fcber diese Welt mit ihren Grenzen und Mauern und die Solidarit\u00e4t mit all jenen, die in den Lagern und Kn\u00e4sten dieses Systems verschwinden, weil sie angeblich nicht hierher geh\u00f6ren.<\/p>\n<p>F\u00fcr eine Welt ohne Grenzen und Nationen! F\u00fcr eine Welt ohne Lager und Kn\u00e4ste!<\/p>\n<p>Dies ist ein Aufruf Conex15 und das ganze Migrationsregime zu st\u00f6ren und zu sabotieren!<\/p>\n<p><img decoding=\"async\" src=\"http:\/\/ch.indymedia.org\/img\/extlink.png\" alt=\"\" border=\"0\" \/>\u00a0<a href=\"http:\/\/noconex15.noblogs.org\/\">http:\/\/noconex15.noblogs.org\/<\/a><br \/>\n<img decoding=\"async\" src=\"http:\/\/ch.indymedia.org\/img\/extlink.png\" alt=\"\" border=\"0\" \/>\u00a0<a href=\"http:\/\/ausdemherzenderfestung.noblogs.org\/\">http:\/\/ausdemherzenderfestung.noblogs.org\/<\/a><\/p>\n","protected":false},"excerpt":{"rendered":"<p>Vom 16.-25. September 2015 f\u00fchrt das Schweizer Milit\u00e4r in der Nordwestschweiz die Truppen\u00fcbung \u00abCONEX15\u00bb durch.<\/p>\n<p>Die Demonstration &#8220;NoBorder &#8211; NoNation &#8211; NoConex&#8221; findet im Rahmen des Widerstandes gegen diese Armee\u00fcbung statt.<br \/>\nUnten k\u00f6nnt ihr den Aufruf dazu lesen&#8230;<\/p>\n<p>Freitag, 18.9.2015<br \/>\n19 Uhr<br \/>\nClaraplatz, Basel <a href=\"https:\/\/www.lagota.ch\/?p=2395\">Continue reading <span class=\"meta-nav\">&rarr;<\/span><\/a><\/p>\n","protected":false},"author":1,"featured_media":0,"comment_status":"closed","ping_status":"open","sticky":false,"template":"","format":"standard","meta":{"footnotes":""},"categories":[328,406,16,4],"tags":[67,66,275,1160,816],"class_list":["post-2395","post","type-post","status-publish","format-standard","hentry","category-antira","category-migration","category-schweiz","category-veranstaltung","tag-basel","tag-demo","tag-europa","tag-migration","tag-no-borders"],"_links":{"self":[{"href":"https:\/\/www.lagota.ch\/index.php?rest_route=\/wp\/v2\/posts\/2395","targetHints":{"allow":["GET"]}}],"collection":[{"href":"https:\/\/www.lagota.ch\/index.php?rest_route=\/wp\/v2\/posts"}],"about":[{"href":"https:\/\/www.lagota.ch\/index.php?rest_route=\/wp\/v2\/types\/post"}],"author":[{"embeddable":true,"href":"https:\/\/www.lagota.ch\/index.php?rest_route=\/wp\/v2\/users\/1"}],"replies":[{"embeddable":true,"href":"https:\/\/www.lagota.ch\/index.php?rest_route=%2Fwp%2Fv2%2Fcomments&post=2395"}],"version-history":[{"count":2,"href":"https:\/\/www.lagota.ch\/index.php?rest_route=\/wp\/v2\/posts\/2395\/revisions"}],"predecessor-version":[{"id":2410,"href":"https:\/\/www.lagota.ch\/index.php?rest_route=\/wp\/v2\/posts\/2395\/revisions\/2410"}],"wp:attachment":[{"href":"https:\/\/www.lagota.ch\/index.php?rest_route=%2Fwp%2Fv2%2Fmedia&parent=2395"}],"wp:term":[{"taxonomy":"category","embeddable":true,"href":"https:\/\/www.lagota.ch\/index.php?rest_route=%2Fwp%2Fv2%2Fcategories&post=2395"},{"taxonomy":"post_tag","embeddable":true,"href":"https:\/\/www.lagota.ch\/index.php?rest_route=%2Fwp%2Fv2%2Ftags&post=2395"}],"curies":[{"name":"wp","href":"https:\/\/api.w.org\/{rel}","templated":true}]}}