{"id":2399,"date":"2015-08-27T11:48:10","date_gmt":"2015-08-27T10:48:10","guid":{"rendered":"http:\/\/www.lagota.ch\/?p=2399"},"modified":"2015-08-27T11:48:10","modified_gmt":"2015-08-27T10:48:10","slug":"kundgebung-fur-solidaritat-ohne-grenzen-in-luzern-am-8-9-15","status":"publish","type":"post","link":"https:\/\/www.lagota.ch\/?p=2399","title":{"rendered":"Kundgebung f\u00fcr Solidarit\u00e4t ohne Grenzen in Luzern am 8.9.15"},"content":{"rendered":"<p><a href=\"https:\/\/www.lagota.ch\/wp-content\/uploads\/solikundgebung0.jpg\"><img loading=\"lazy\" decoding=\"async\" class=\"alignleft size-full wp-image-2401\" src=\"https:\/\/www.lagota.ch\/wp-content\/uploads\/solikundgebung0.jpg\" alt=\"solikundgebung0\" width=\"315\" height=\"437\" srcset=\"https:\/\/www.lagota.ch\/wp-content\/uploads\/solikundgebung0.jpg 315w, https:\/\/www.lagota.ch\/wp-content\/uploads\/solikundgebung0-216x300.jpg 216w\" sizes=\"auto, (max-width: 315px) 100vw, 315px\" \/><\/a><a href=\"https:\/\/www.lagota.ch\/wp-content\/uploads\/Solikundgebung.jpg\"><img loading=\"lazy\" decoding=\"async\" class=\"alignleft size-full wp-image-2400\" src=\"https:\/\/www.lagota.ch\/wp-content\/uploads\/Solikundgebung.jpg\" alt=\"Solikundgebung\" width=\"315\" height=\"437\" srcset=\"https:\/\/www.lagota.ch\/wp-content\/uploads\/Solikundgebung.jpg 315w, https:\/\/www.lagota.ch\/wp-content\/uploads\/Solikundgebung-216x300.jpg 216w\" sizes=\"auto, (max-width: 315px) 100vw, 315px\" \/><\/a><\/p>\n","protected":false},"excerpt":{"rendered":"<p>Kundgebung f\u00fcr Solidarit\u00e4t ohne Grenzen am 8.9. um 14h beim Regierungsgeb\u00e4ude <a href=\"https:\/\/www.lagota.ch\/?p=2399\">Continue reading <span class=\"meta-nav\">&rarr;<\/span><\/a><\/p>\n","protected":false},"author":1,"featured_media":0,"comment_status":"closed","ping_status":"open","sticky":false,"template":"","format":"standard","meta":{"footnotes":""},"categories":[328,3,11,406,16,4],"tags":[66,1148,824,30,825],"class_list":["post-2399","post","type-post","status-publish","format-standard","hentry","category-antira","category-lagota","category-luzern","category-migration","category-schweiz","category-veranstaltung","tag-demo","tag-luzern","tag-regierungsgebaude","tag-solidaritat","tag-wertlos"],"_links":{"self":[{"href":"https:\/\/www.lagota.ch\/index.php?rest_route=\/wp\/v2\/posts\/2399","targetHints":{"allow":["GET"]}}],"collection":[{"href":"https:\/\/www.lagota.ch\/index.php?rest_route=\/wp\/v2\/posts"}],"about":[{"href":"https:\/\/www.lagota.ch\/index.php?rest_route=\/wp\/v2\/types\/post"}],"author":[{"embeddable":true,"href":"https:\/\/www.lagota.ch\/index.php?rest_route=\/wp\/v2\/users\/1"}],"replies":[{"embeddable":true,"href":"https:\/\/www.lagota.ch\/index.php?rest_route=%2Fwp%2Fv2%2Fcomments&post=2399"}],"version-history":[{"count":1,"href":"https:\/\/www.lagota.ch\/index.php?rest_route=\/wp\/v2\/posts\/2399\/revisions"}],"predecessor-version":[{"id":2402,"href":"https:\/\/www.lagota.ch\/index.php?rest_route=\/wp\/v2\/posts\/2399\/revisions\/2402"}],"wp:attachment":[{"href":"https:\/\/www.lagota.ch\/index.php?rest_route=%2Fwp%2Fv2%2Fmedia&parent=2399"}],"wp:term":[{"taxonomy":"category","embeddable":true,"href":"https:\/\/www.lagota.ch\/index.php?rest_route=%2Fwp%2Fv2%2Fcategories&post=2399"},{"taxonomy":"post_tag","embeddable":true,"href":"https:\/\/www.lagota.ch\/index.php?rest_route=%2Fwp%2Fv2%2Ftags&post=2399"}],"curies":[{"name":"wp","href":"https:\/\/api.w.org\/{rel}","templated":true}]}}