{"id":2408,"date":"2015-09-14T14:05:00","date_gmt":"2015-09-14T13:05:00","guid":{"rendered":"http:\/\/www.lagota.ch\/?p=2408"},"modified":"2015-09-14T14:05:00","modified_gmt":"2015-09-14T13:05:00","slug":"gegen-den-krieg-und-das-massaker-in-kurdistan","status":"publish","type":"post","link":"https:\/\/www.lagota.ch\/?p=2408","title":{"rendered":"Gegen den Krieg und das Massaker in Kurdistan!"},"content":{"rendered":"<div class=\"entry-content\">\n<p><strong>F\u00fcr heute Samstag 12.09.2015 12 Uhr wurde auf dem Helvetiaplatz in Bern zu einer Demonstration gegen Krieg und Massaker in den kurdischen Gebieten aufgerufen. Obwohl die Polizei kurz vor Versammlungsbeginn die Bewilligung wieder entzog, versammelten sich rund 500 bis 600 Menschen um ihre Solidarit\u00e4t auszudr\u00fccken.<\/strong><\/p>\n<p><a href=\"http:\/\/xn--revolutionr-u8a.ch\/wordpress\/wp-content\/uploads\/2015\/09\/nopasaran.jpg\"><img loading=\"lazy\" decoding=\"async\" class=\"alignright size-full wp-image-1650\" src=\"http:\/\/xn--revolutionr-u8a.ch\/wordpress\/wp-content\/uploads\/2015\/09\/nopasaran.jpg\" alt=\"nopasaran\" width=\"786\" height=\"514\" \/><\/a><\/p>\n<p>&nbsp;<\/p>\n<p>T\u00fcrkische Nationalisten mobilisierten auf 14 Uhr ebenfalls zu einer Kundgebung auf dem Helvetiaplatz. Die berner Polizei zeigte von Anfang an auf welcher Seite sie stand, indem sie der kurdischen Solidarit\u00e4tsdemo die Bewilligung entzog, w\u00e4hrend den Nationalist*innen eine Bewilligung erteilt wurde. So waren sie im Verlauf das Tages immer wieder sehr bem\u00fcht die kurdischen Sympathisant*innen zu vertreiben, damit t\u00fcrkische Nationalisten ihre menschenfeindlichen Meinungen verbreiten konnten.<br \/>\nBereits um 13 Uhr erfolgte die erste Drohung die Demonstration mit Pfefferspray und Gummischrot aufl\u00f6sen zu wollen, an der sich auch Familien mit Kindern und \u00e4lteren Menschen beteiligten. Wie un\u00fcberlegt die Forderung der Polizei war, zeigte sich an ihrem sporadischen Aufgebot und ihrem unkoordinierten verhalten. Ab 13.30 zogen die ersten Kleingruppen von t\u00fcrkischen Nationalisten an der Demo vorbei und provozierten die anwesenden Personen mit menschenfeindlichen Parolen oder Symbolen.<br \/>\nEin erster Angriff konnte nur dank dem beherzten Eingreifen solidarischer Menschen abgewehrt werden. Die Reaktion der Polizei war ein massiver Einsatz von Tr\u00e4nengas und Gummischrot. Die Demo zogen sich anschliessend auf die H\u00f6he der Kirchenfeldbr\u00fccke zur\u00fcck.<br \/>\nBeim Dalmaziquai fuhren t\u00fcrkischen Nationalist*innen mit Autos vor und stiegen mit Holzlatten bewaffnet aus, um die Demonstration anzugreifen. Wieder entschlossen sich die anwesenden Menschen den Angriff solidarisch zur\u00fcckzuschlagen. Bei dieser Aktion fuhr ein Auto in eine kurdische Menschenmenge und gab im letzten Moment absichtlich Vollgas, was eine klare T\u00f6tungsabsicht signalisiert.<br \/>\nDie Polizei verhinderte, dass Menschen an die Unfallstelle vordringen konnten um den angefahrenen Personen zu helfen. Zum wiederholten Mal wurde Gummischrot auf Kopfh\u00f6he abgefeuert und Pfefferspray eingesetzt. Immer wieder setzten sich die Menschen auf den Boden und zeigten, dass sie keine aggressiven Absichten hatten und lediglich zu den Verletzten wollten. Die Polizei reagierte ihrerseits mit Gummischrot auf zwei Metern Distanz. Eine m\u00f6gliche Massenpanik auf der Br\u00fccke wurde somit willentlich in Kauf genommen. Das einzige Ziel, die Demonstration in die Innenstadt zu dr\u00e4ngen sollte mit allen Mitteln durchgesetzt werden. Gleichzeitig zogen rund 50 t\u00fcrkische Faschisten zum Helvetiaplatz und griffen die verbliebenen Personen an.<br \/>\nHeute konnte wir keine Inhalte r\u00fcber bringen und unsere Solidarit\u00e4t gegen\u00fcber der Barbarei des t\u00fcrkischen und des islamischen Staates wurde auch hier in Bern angegriffen. Verantwortlich daf\u00fcr ist die Haltung der berner Polizei und das Auftreten der Faschisten, welche nicht zum ersten mal Hand in Hand zusammenarbeiten.<\/p>\n<p><strong>Wir lassen uns nicht brechen \u2013 Schulter an Schulter gegen den Faschismus<\/p>\n<p>Quelle: <a href=\"http:\/\/revolution\u00e4r.ch\/wordpress\/?p=1645\">http:\/\/revolution\u00e4r.ch\/wordpress\/?p=1645<\/a><br \/>\n<\/strong><\/p>\n<\/div>\n","protected":false},"excerpt":{"rendered":"<p>F\u00fcr heute Samstag 12.09.2015 12 Uhr wurde auf dem Helvetiaplatz in Bern zu einer Demonstration gegen Krieg und Massaker in den kurdischen Gebieten aufgerufen. Obwohl die Polizei kurz vor Versammlungsbeginn die Bewilligung wieder entzog, versammelten sich rund 500 bis 600 Menschen um ihre Solidarit\u00e4t auszudr\u00fccken. <a href=\"https:\/\/www.lagota.ch\/?p=2408\">Continue reading <span class=\"meta-nav\">&rarr;<\/span><\/a><\/p>\n","protected":false},"author":1,"featured_media":0,"comment_status":"closed","ping_status":"open","sticky":false,"template":"","format":"standard","meta":{"footnotes":""},"categories":[13,10,16,18],"tags":[102,827,1163,27,447],"class_list":["post-2408","post","type-post","status-publish","format-standard","hentry","category-antifa","category-aus-aller-welt","category-schweiz","category-squat-the-world","tag-bern","tag-graue-wolfe","tag-kurdistan","tag-repression","tag-turkei"],"_links":{"self":[{"href":"https:\/\/www.lagota.ch\/index.php?rest_route=\/wp\/v2\/posts\/2408","targetHints":{"allow":["GET"]}}],"collection":[{"href":"https:\/\/www.lagota.ch\/index.php?rest_route=\/wp\/v2\/posts"}],"about":[{"href":"https:\/\/www.lagota.ch\/index.php?rest_route=\/wp\/v2\/types\/post"}],"author":[{"embeddable":true,"href":"https:\/\/www.lagota.ch\/index.php?rest_route=\/wp\/v2\/users\/1"}],"replies":[{"embeddable":true,"href":"https:\/\/www.lagota.ch\/index.php?rest_route=%2Fwp%2Fv2%2Fcomments&post=2408"}],"version-history":[{"count":1,"href":"https:\/\/www.lagota.ch\/index.php?rest_route=\/wp\/v2\/posts\/2408\/revisions"}],"predecessor-version":[{"id":2409,"href":"https:\/\/www.lagota.ch\/index.php?rest_route=\/wp\/v2\/posts\/2408\/revisions\/2409"}],"wp:attachment":[{"href":"https:\/\/www.lagota.ch\/index.php?rest_route=%2Fwp%2Fv2%2Fmedia&parent=2408"}],"wp:term":[{"taxonomy":"category","embeddable":true,"href":"https:\/\/www.lagota.ch\/index.php?rest_route=%2Fwp%2Fv2%2Fcategories&post=2408"},{"taxonomy":"post_tag","embeddable":true,"href":"https:\/\/www.lagota.ch\/index.php?rest_route=%2Fwp%2Fv2%2Ftags&post=2408"}],"curies":[{"name":"wp","href":"https:\/\/api.w.org\/{rel}","templated":true}]}}