{"id":2412,"date":"2015-09-21T13:09:43","date_gmt":"2015-09-21T12:09:43","guid":{"rendered":"http:\/\/www.lagota.ch\/?p=2412"},"modified":"2015-09-21T13:09:43","modified_gmt":"2015-09-21T12:09:43","slug":"revolutionares-politwochenende-zum-100jahrigen-jubilaum-der-zimmerwalder-konferenz","status":"publish","type":"post","link":"https:\/\/www.lagota.ch\/?p=2412","title":{"rendered":"Revolution\u00e4res Politwochenende zum 100j\u00e4hrigen Jubil\u00e4um der Zimmerwalder Konferenz"},"content":{"rendered":"<p>Die Aktualit\u00e4t der Zimmerwalder Konferenz<\/p>\n<p>Zum Zeitpunkt der Konferenz von Zimmerwald vom 5. \u2013 8. September 1915 tobte der 1. Weltkrieg bereits seit einem Jahr. Die ArbeiterInnenbewegung in den europ\u00e4ischen L\u00e4ndern war durch den Verrat der 2. Internationalen und dem Einzug an die Front massiv geschw\u00e4cht. Die Zimmerwaldner Konferenz war denn auch der Versuch der revolution\u00e4ren Kr\u00e4fte, der internationalen Arbeiterbewegung inhaltliche und organisatorische Impulse zu geben. Die russische Revolution 1917 und die Aufst\u00e4nde 1918 in Deutschland und Ungarn sind ein Zeugnis daf\u00fcr, auf welch fruchtbaren Boden diese Politik gestossen ist. Mit einem Politprogramm versuchen wir, die Bedeutung dieser Ereignisse f\u00fcr revolution\u00e4res Handeln heute nutzbar zu machen.<\/p>\n<p><strong><a href=\"https:\/\/www.lagota.ch\/wp-content\/uploads\/zimmerwalderkonferenz.jpg\"><img loading=\"lazy\" decoding=\"async\" class=\"alignleft size-large wp-image-2413\" src=\"https:\/\/www.lagota.ch\/wp-content\/uploads\/zimmerwalderkonferenz-724x1024.jpg\" alt=\"zimmerwalderkonferenz\" width=\"724\" height=\"1024\" srcset=\"https:\/\/www.lagota.ch\/wp-content\/uploads\/zimmerwalderkonferenz-724x1024.jpg 724w, https:\/\/www.lagota.ch\/wp-content\/uploads\/zimmerwalderkonferenz-212x300.jpg 212w, https:\/\/www.lagota.ch\/wp-content\/uploads\/zimmerwalderkonferenz.jpg 1403w\" sizes=\"auto, (max-width: 724px) 100vw, 724px\" \/><\/a>Fr. 2.10<\/strong>., 19:00 Auftaktveranstaltung im Volkshaus Z\u00fcrich mit Nick Brauns (Historiker und Autor der jungen Welt)<\/p>\n<p><strong>Sa. 3.10<\/strong>., Ab 12:00 Politprogramm an der Hardstrasse 35 (u.a. mit T. Derbent, Nick Brauns und weiteren \u00fcber aktuelle Themen wie Griechenland, Rojava oder die Frage des revolution\u00e4ren Bruches)<\/p>\n<p><strong>So. 4.10<\/strong>., Revolution\u00e4rer Spaziergang nach Zimmerwald (Treffpunkt 12 Uhr beim Carparkplatz HB Z\u00fcrich. Carticket reservieren unter <span id=\"cloak49701\"><a href=\"mailto:info@aufbau.org\">info@aufbau.org<\/a><\/span>, am Politwochenende oder im Vertrieb (Kanonengasse 35, Z\u00fcrich).)<\/p>\n<p><strong>Zum detaillierten <a href=\"http:\/\/www.aufbau.org\/index.php\/kampagnen-widerstand\/2071-revolutionaeres-politwochenende-zum-100jaehrigen-jubilaeum-der-zimmerwaldkonferenz\">Programm<\/a> (Deutsch\/ Fran\u00e7ais\/ English\/ Italiano)<\/strong><\/p>\n<p><strong><strong>Die Geschichte in die eigenen H\u00e4nde nehmen!<\/p>\n<p>Quelle:\u00a0 <\/strong><a href=\"http:\/\/www.aufbau.org\">www.aufbau.org<\/a><\/strong><\/p>\n","protected":false},"excerpt":{"rendered":"<p>Zum Zeitpunkt der Konferenz von Zimmerwald vom 5. \u2013 8. September 1915 tobte der 1. Weltkrieg bereits seit einem Jahr. Die ArbeiterInnenbewegung in den europ\u00e4ischen L\u00e4ndern war durch den Verrat der 2. Internationalen und dem Einzug an die Front massiv geschw\u00e4cht. Die Zimmerwaldner Konferenz war denn auch der Versuch der revolution\u00e4ren Kr\u00e4fte, der internationalen Arbeiterbewegung inhaltliche und organisatorische Impulse zu geben. Die russische Revolution 1917 und die Aufst\u00e4nde 1918 in Deutschland und Ungarn sind ein Zeugnis daf\u00fcr, auf welch fruchtbaren Boden diese Politik gestossen ist. Mit einem Politprogramm versuchen wir, die Bedeutung dieser Ereignisse f\u00fcr revolution\u00e4res Handeln heute nutzbar zu machen. <a href=\"https:\/\/www.lagota.ch\/?p=2412\">Continue reading <span class=\"meta-nav\">&rarr;<\/span><\/a><\/p>\n","protected":false},"author":1,"featured_media":0,"comment_status":"closed","ping_status":"open","sticky":false,"template":"","format":"standard","meta":{"footnotes":""},"categories":[14,16,4],"tags":[829,32,828],"class_list":["post-2412","post","type-post","status-publish","format-standard","hentry","category-arbeitskampf","category-schweiz","category-veranstaltung","tag-arbeiterinnenbewegung","tag-revolution","tag-zimmerwalder-konferenz"],"_links":{"self":[{"href":"https:\/\/www.lagota.ch\/index.php?rest_route=\/wp\/v2\/posts\/2412","targetHints":{"allow":["GET"]}}],"collection":[{"href":"https:\/\/www.lagota.ch\/index.php?rest_route=\/wp\/v2\/posts"}],"about":[{"href":"https:\/\/www.lagota.ch\/index.php?rest_route=\/wp\/v2\/types\/post"}],"author":[{"embeddable":true,"href":"https:\/\/www.lagota.ch\/index.php?rest_route=\/wp\/v2\/users\/1"}],"replies":[{"embeddable":true,"href":"https:\/\/www.lagota.ch\/index.php?rest_route=%2Fwp%2Fv2%2Fcomments&post=2412"}],"version-history":[{"count":1,"href":"https:\/\/www.lagota.ch\/index.php?rest_route=\/wp\/v2\/posts\/2412\/revisions"}],"predecessor-version":[{"id":2414,"href":"https:\/\/www.lagota.ch\/index.php?rest_route=\/wp\/v2\/posts\/2412\/revisions\/2414"}],"wp:attachment":[{"href":"https:\/\/www.lagota.ch\/index.php?rest_route=%2Fwp%2Fv2%2Fmedia&parent=2412"}],"wp:term":[{"taxonomy":"category","embeddable":true,"href":"https:\/\/www.lagota.ch\/index.php?rest_route=%2Fwp%2Fv2%2Fcategories&post=2412"},{"taxonomy":"post_tag","embeddable":true,"href":"https:\/\/www.lagota.ch\/index.php?rest_route=%2Fwp%2Fv2%2Ftags&post=2412"}],"curies":[{"name":"wp","href":"https:\/\/api.w.org\/{rel}","templated":true}]}}