{"id":2418,"date":"2015-10-07T10:02:45","date_gmt":"2015-10-07T09:02:45","guid":{"rendered":"http:\/\/www.lagota.ch\/?p=2418"},"modified":"2015-10-07T11:12:41","modified_gmt":"2015-10-07T10:12:41","slug":"vorprogramm-vom-antifaschistischen-abendspaziergang","status":"publish","type":"post","link":"https:\/\/www.lagota.ch\/?p=2418","title":{"rendered":"Vorprogramm vom antifaschistischen Abendspaziergang"},"content":{"rendered":"<p>Wir rufen auf zum Antifaschistischen Abendspaziergang am 10. Oktober 2015 um 20 Uhr bei der Heiliggeistkirche in Bern<\/p>\n<p>\u201eAntifa heisst: Tag f\u00fcr Tag das Ganze hinterfragen! Gemeinsam Herrschaft bek\u00e4mpfen\u201c.<\/p>\n<p><a href=\"https:\/\/www.lagota.ch\/wp-content\/uploads\/antifaabendspaziergang.jpg\"><img loading=\"lazy\" decoding=\"async\" class=\"alignleft size-full wp-image-2419\" src=\"https:\/\/www.lagota.ch\/wp-content\/uploads\/antifaabendspaziergang.jpg\" alt=\"antifaabendspaziergang\" width=\"484\" height=\"623\" srcset=\"https:\/\/www.lagota.ch\/wp-content\/uploads\/antifaabendspaziergang.jpg 484w, https:\/\/www.lagota.ch\/wp-content\/uploads\/antifaabendspaziergang-233x300.jpg 233w\" sizes=\"auto, (max-width: 484px) 100vw, 484px\" \/><\/a>In Zeiten der zunehmenden Menschenfeindlichkeit und der st\u00e4ndigen Hetze gegen Fl\u00fcchtende und Migrant*innen sind wir als Antifaschist*innen gefragt. Wir wollen nicht tatenlos zusehen, wie sich Rassismus und Nationalismus in unserer Gesellschaft weiter ausdehnt: Widerstand dagegen ist notwendig!<br \/>\nIn der Schweiz haben sich in j\u00fcngster Vergangenheit rechtsextreme \u00dcbergriffe vervielfacht. So wurde im Sommer 2014 in Bern eine Demonstration gegen die FIFA von Faschos und Hooligans angegriffen. Nur kurze Zeit sp\u00e4ter wurde ein besetztes Haus in Matzenried von bewaffneten Neonazis gest\u00fcrmt. In Villmergen und in Dietikon wurden innerhalb weniger Monate Asylzentren in Brand gesetzt und dabei gab es einen Toten und mehrere Schwerverletzte. Vergangenes Wochenende (12.09.15) griffen t\u00fcrkische Faschisten mit St\u00f6cken und anderen Waffen eine Platzbesetzung diverser kurdischer Gruppen an, die sich dagegen selbstverst\u00e4ndlich zur Wehr setzten. Die Polizei schritt ein, verletze dabei weitere kurdische AktivistInnen durch Gummischrot- und Pfefferspray, anstelle die faschistischen Angreifer anzuhalten. Sogar der Autofahrer, der in die kurdische Menschenmenge fuhr, wurde wieder auf freien Fuss gesetzt. Leute wie Willi, Nause und die Polizeieinsatzleitenden beweisen zum wiederholten Mal, dass die Polizei ideologisch den Faschisten und Rechten n\u00e4her steht als linken und freiheitlichen Menschen. Die Polizei und der Justizapparat repr\u00e4sentieren den gewaltt\u00e4tigen und m\u00e4chtigen Staat und f\u00fchren seine Macht aus. Dass sie freiheitliche, alternative, anarchistische und kommunistische Menschen, Hausbesetzende, organisierte Refugees und weitere Gruppen als Bedrohung sehen und diese bek\u00e4mpfen, macht sie zum Teil des Problems. Diese polizeilichen, rassistischen und faschistischen \u00dcbergriffe gehen einher mit dem schleichenden Rechtsrutsch der Schweizer Bev\u00f6lkerung, massgeblich vorangetrieben durch den salonf\u00e4hig gewordenen und in breiten Kreisen akzeptierten Nationalismus. Gerade die vielen rassistischen Medienberichte (die sicher bald wieder \u00dcberhand nehmen \u2013 die kurze \u201eSolidarit\u00e4tswelle\u201c in Blick und Co. darf als ekelerregende Heuchelei bezeichnet werden) sowie die nationalistischen und teils hetzerischen Wahlplakate haben dazu beigetragen, Rassismus akzeptabel erscheinen zu lassen. Von der SVP weiss man schon lange, dass sie sich \u00fcber Nationalismus und Rassismus definiert und so auf Stimmenfang geht. Doch auch die \u201elinkeren\u201c Parteien und etablierte Gewerkschaften sind nicht besser. Auch sie spielen mit Worten wie \u201eHerkunft\u201c, \u201eFremde\u201c, \u201eandere Kultur\u201c und \u201eWirtschaftsfl\u00fcchtlinge\u201c. Keine der Parteien hat ernsthafte, grunds\u00e4tzliche Kritik an Grenzen, Ausweisen, Nationalit\u00e4ten zu bieten: F\u00fcr den nationalen Wohlstand geht auch die Schweiz \u00fcber Leichen. Gleichzeitig ist die gesamteurop\u00e4ische Politik f\u00fcr den Tod tausender Fl\u00fcchtlinge vor ihren Grenzen verantwortlich und daf\u00fcr, dass Menschen direkt hier, vor unseren Haust\u00fcren, wie Ungeziefer behandelt werden.<\/p>\n<p>Es ist an der Zeit, den Rassismus in all seinen Facetten zu benennen. Wir m\u00fcssen uns gegen die vorherrschende rassistische und nationalistische Stimmung wehren und den antifaschistischen Kampf f\u00fchren!<\/p>\n<p>Quelle: <a href=\"http:\/\/revolution\u00e4r.ch\/wordpress\/\">http:\/\/revolution\u00e4r.ch\/wordpress\/<\/a><\/p>\n","protected":false},"excerpt":{"rendered":"<p>In Zeiten der zunehmenden Menschenfeindlichkeit und der st\u00e4ndigen Hetze gegen Fl\u00fcchtende und Migrant*innen sind wir als Antifaschist*innen gefragt. Wir wollen nicht tatenlos zusehen, wie sich Rassismus und Nationalismus in unserer Gesellschaft weiter ausdehnt: Widerstand dagegen ist notwendig! <a href=\"https:\/\/www.lagota.ch\/?p=2418\">Continue reading <span class=\"meta-nav\">&rarr;<\/span><\/a><\/p>\n","protected":false},"author":1,"featured_media":0,"comment_status":"closed","ping_status":"open","sticky":false,"template":"","format":"standard","meta":{"footnotes":""},"categories":[13,328,49,16,18],"tags":[832,1149,102,814,68],"class_list":["post-2418","post","type-post","status-publish","format-standard","hentry","category-antifa","category-antira","category-antirep","category-schweiz","category-squat-the-world","tag-abendspaziergang","tag-antifa","tag-bern","tag-refugees","tag-widerstand"],"_links":{"self":[{"href":"https:\/\/www.lagota.ch\/index.php?rest_route=\/wp\/v2\/posts\/2418","targetHints":{"allow":["GET"]}}],"collection":[{"href":"https:\/\/www.lagota.ch\/index.php?rest_route=\/wp\/v2\/posts"}],"about":[{"href":"https:\/\/www.lagota.ch\/index.php?rest_route=\/wp\/v2\/types\/post"}],"author":[{"embeddable":true,"href":"https:\/\/www.lagota.ch\/index.php?rest_route=\/wp\/v2\/users\/1"}],"replies":[{"embeddable":true,"href":"https:\/\/www.lagota.ch\/index.php?rest_route=%2Fwp%2Fv2%2Fcomments&post=2418"}],"version-history":[{"count":1,"href":"https:\/\/www.lagota.ch\/index.php?rest_route=\/wp\/v2\/posts\/2418\/revisions"}],"predecessor-version":[{"id":2420,"href":"https:\/\/www.lagota.ch\/index.php?rest_route=\/wp\/v2\/posts\/2418\/revisions\/2420"}],"wp:attachment":[{"href":"https:\/\/www.lagota.ch\/index.php?rest_route=%2Fwp%2Fv2%2Fmedia&parent=2418"}],"wp:term":[{"taxonomy":"category","embeddable":true,"href":"https:\/\/www.lagota.ch\/index.php?rest_route=%2Fwp%2Fv2%2Fcategories&post=2418"},{"taxonomy":"post_tag","embeddable":true,"href":"https:\/\/www.lagota.ch\/index.php?rest_route=%2Fwp%2Fv2%2Ftags&post=2418"}],"curies":[{"name":"wp","href":"https:\/\/api.w.org\/{rel}","templated":true}]}}