{"id":2425,"date":"2015-10-12T16:26:34","date_gmt":"2015-10-12T15:26:34","guid":{"rendered":"http:\/\/www.lagota.ch\/?p=2425"},"modified":"2015-10-12T16:26:34","modified_gmt":"2015-10-12T15:26:34","slug":"communique-zum-verhinderten-antifaschistischen-abendspazierg","status":"publish","type":"post","link":"https:\/\/www.lagota.ch\/?p=2425","title":{"rendered":"Communiqu\u00e9 zum verhinderten Antifaschistischen Abendspazierg"},"content":{"rendered":"<p>Rund 300 Personen besammelten sich bereits bei der Reitschule, viele andere warteten rund um den von Polizisten umzingelten Bahnhofplatz.<br \/>\nDie Berner Polizei mit Unterst\u00fctzung aus den Kantonen Z\u00fcrich, Basel Land, Solothurn, Aargau St.Gallen, Tessin, Graub\u00fcnden besetzten den ganzen Nachmittag die Stadt Bern. Mehr als 60 Kastenwagen, Gitterwagen und zwei Wasserwerfer wurden aufgefahren, um unsere Demonstration zu verhindern.<br \/>\nTrotz dem geradezu faschistisch anmutenden Polizeiaufgebot und den Einsch\u00fcchterungen vom Rot\/Gr\u00fcnen Gemeinderat und allen voran dem Sicherheitsdirektor Nause fanden viele Antifaschist*innen den Weg nach Bern. Wir haben heute ein weiteres Mal in die h\u00e4ssliche Fratze der sogenannten Demokratie geblickt, die nichts zul\u00e4sst, was sich nicht bedingungslos ihren zutiefst autorit\u00e4ren Regeln unterwirft.<\/p>\n<p><a href=\"https:\/\/www.lagota.ch\/wp-content\/uploads\/antifaabend2015.jpg\"><img loading=\"lazy\" decoding=\"async\" class=\"alignleft size-full wp-image-2426\" src=\"https:\/\/www.lagota.ch\/wp-content\/uploads\/antifaabend2015.jpg\" alt=\"antifaabend2015\" width=\"640\" height=\"503\" srcset=\"https:\/\/www.lagota.ch\/wp-content\/uploads\/antifaabend2015.jpg 640w, https:\/\/www.lagota.ch\/wp-content\/uploads\/antifaabend2015-300x235.jpg 300w\" sizes=\"auto, (max-width: 640px) 100vw, 640px\" \/><\/a>Wir wollten heute unsere Argumente und unsere \u00dcberzeugung gegen Faschismus und Nationalismus auf die Strasse tragen. Die Regierung Berns wollte diese Demonstration um jeden Preis verhindern.Wir danken allen, die sich nicht von den blauen Hampelm\u00e4nnchen und -weibchen einsch\u00fcchtern liessen. Die Absicht dieses repressiven Vorgehens ist klar: Sie wollen Antifaschist*innen keinen Raum geben.<br \/>\nAngesichts der \u00dcbermacht der Polizei haben wir uns entschieden, den martialischen Aufmarsch der Staatsmacht ins Leere laufen zu lassen. Wir wollen unsere Anliegen weiterhin auf die Strasse tragen und rufen darum auf, am 17.10.15 erneut zahlreich auf die Strasse zu gehen, um gegen Faschismus, Nationalismus, Staat, Kapital und jegliche Form von Hierarchie anzuk\u00e4mpfen.<\/p>\n<p>F\u00fcr eine Welt, in der Herrschaftsformen hinterfragt, bek\u00e4mpft und \u00fcberwunden werden. Eine Welt, in der viele Welten Platz haben.<\/p>\n<p>Heute ist nicht alle Tage; wir spazieren wieder \u2013 keine Frage!<\/p>\n<p>Quelle: <a href=\"http:\/\/ch.indymedia.org\/de\/2015\/10\/96007.shtml\">http:\/\/ch.indymedia.org\/de\/2015\/10\/96007.shtml<\/a><\/p>\n","protected":false},"excerpt":{"rendered":"<p>Rund 300 Personen besammelten sich bereits bei der Reitschule, viele andere warteten rund um den von Polizisten umzingelten Bahnhofplatz.<br \/>\nDie Berner Polizei mit Unterst\u00fctzung aus den Kantonen Z\u00fcrich, Basel Land, Solothurn, Aargau St.Gallen, Tessin, Graub\u00fcnden besetzten den ganzen Nachmittag die Stadt Bern. <a href=\"https:\/\/www.lagota.ch\/?p=2425\">Continue reading <span class=\"meta-nav\">&rarr;<\/span><\/a><\/p>\n","protected":false},"author":1,"featured_media":0,"comment_status":"closed","ping_status":"open","sticky":false,"template":"","format":"standard","meta":{"footnotes":""},"categories":[13,16,18],"tags":[836,102],"class_list":["post-2425","post","type-post","status-publish","format-standard","hentry","category-antifa","category-schweiz","category-squat-the-world","tag-antifaspaziergang","tag-bern"],"_links":{"self":[{"href":"https:\/\/www.lagota.ch\/index.php?rest_route=\/wp\/v2\/posts\/2425","targetHints":{"allow":["GET"]}}],"collection":[{"href":"https:\/\/www.lagota.ch\/index.php?rest_route=\/wp\/v2\/posts"}],"about":[{"href":"https:\/\/www.lagota.ch\/index.php?rest_route=\/wp\/v2\/types\/post"}],"author":[{"embeddable":true,"href":"https:\/\/www.lagota.ch\/index.php?rest_route=\/wp\/v2\/users\/1"}],"replies":[{"embeddable":true,"href":"https:\/\/www.lagota.ch\/index.php?rest_route=%2Fwp%2Fv2%2Fcomments&post=2425"}],"version-history":[{"count":1,"href":"https:\/\/www.lagota.ch\/index.php?rest_route=\/wp\/v2\/posts\/2425\/revisions"}],"predecessor-version":[{"id":2427,"href":"https:\/\/www.lagota.ch\/index.php?rest_route=\/wp\/v2\/posts\/2425\/revisions\/2427"}],"wp:attachment":[{"href":"https:\/\/www.lagota.ch\/index.php?rest_route=%2Fwp%2Fv2%2Fmedia&parent=2425"}],"wp:term":[{"taxonomy":"category","embeddable":true,"href":"https:\/\/www.lagota.ch\/index.php?rest_route=%2Fwp%2Fv2%2Fcategories&post=2425"},{"taxonomy":"post_tag","embeddable":true,"href":"https:\/\/www.lagota.ch\/index.php?rest_route=%2Fwp%2Fv2%2Ftags&post=2425"}],"curies":[{"name":"wp","href":"https:\/\/api.w.org\/{rel}","templated":true}]}}