{"id":2428,"date":"2015-10-16T17:28:17","date_gmt":"2015-10-16T16:28:17","guid":{"rendered":"http:\/\/www.lagota.ch\/?p=2428"},"modified":"2015-10-16T17:28:17","modified_gmt":"2015-10-16T16:28:17","slug":"einige-einladende-worte-zum-antifaschistischen-nachmittagsspaziergang-17-10","status":"publish","type":"post","link":"https:\/\/www.lagota.ch\/?p=2428","title":{"rendered":"Einige einladende Worte zum Antifaschistischen Nachmittagsspaziergang 17.10."},"content":{"rendered":"<div class=\"entry-content\">\n<p><strong>Aktuell: Helft mit zu mobilisieren, Flyer gibts in der Reitschule (Infoladen), verteilt sie in eurem Umfeld, werft sie dem Nachbar in den Briefkasten\u2026 Teilt den Aufruf auf euren Websiten, Facebook, Twitter usw\u2026 und das wichtigste: kommt am Samstag um 14Uhr auf den Bahnhofplatz\/HG in Bern! Nur zusammen k\u00f6nnen wir ein wirklich starkes Zeichen gegen das Verbot des Antifaschistischen Spaziergangs setzen!<\/strong><\/p>\n<p>Letzten Samstag wollten unz\u00e4hlige Antifaschist_innen am Antifaschistischen Abendspaziergang ihren Unmut \u00fcber den andauernden Rechtsrutsch, rassistische \u00dcbergriffe und repressive Asylpolitik demonstrieren. Daran hinderte Sie ein riesiges Polizeiaufgebot. Die Berner Polizei wurde von Polizeikr\u00e4ften aus mehreren Kantonen personell und logistisch unterst\u00fctzt und verwandelte Berns Strassen und Pl\u00e4tze in eine Polizeifestung.<br \/>\nDer Gemeinderat, der verantwortlich ist f\u00fcr diese Beschneidung der Meinungsfreiheit will jegliche Kundgebungen verhindern. Meinungsfreiheit heisst f\u00fcr uns nicht, dass wir f\u00fcr eine Bewilligung betteln gehen m\u00fcssen und uns danach vorschreiben lassen sollen, wo, wann und wie wir unseren Protest \u00e4ussern d\u00fcrfen. Deshalb greifen wir auf unsere eigenen Kr\u00e4fte zur\u00fcck, und rufen alle dazu auf, am kommenden Samstag am \u201eAntifaschistischen Nachmittags-spaziergang\u201c teilzunehmen!<\/p>\n<p><strong>In was f\u00fcr einer Zeit leben wir, wenn Antifaschistische Demonstrationen \u201eim Keim erstickt\u201c werden?<\/strong><br \/>\nEs ist sehr wichtig, nicht nur im Kopf solidarisch zu sein, sondern auch so zu Handeln! Also komm auch du am Samstag mit auf die Strasse \u2013 um ein Zeichen gegen das Demonstrationsverbot und f\u00fcr den Antifaschismus zu setzten! Antifaschismus bleibt nicht zu Hause \u2013 Antifaschismus geht auf die Strasse!<\/p>\n<p>\u2022 Gegen den andauernden Rechtsrutsch!<br \/>\n\u2022 Gegen die Abschottung und den Mord von Migrant_innen an den Grenzen<br \/>\n\u2022 Gegen die menschenverachtende Asylpolitik die in Bunker, Lager und Zelte einsperrt!<br \/>\n\u2022 F\u00fcr Selbstbestimmung und Selbstorganisierung von Migrant_innen<br \/>\n\u2022 F\u00fcr eine solidarische, grenzenlose Gesellschaft<br \/>\n\u2022 F\u00fcr eine herrschaftsfreie Gesellschaft fern von Unterdr\u00fcckung und Ausbeutung!<\/p>\n<p><strong>Komm mit! Samstag 17.10. \/ Bern Bahnhof \/ 14Uhr &amp; Nimm Freunde mit!<\/p>\n<p>Quelle: <\/strong><a href=\"http:\/\/revolution\u00e4r.ch\/wordpress\/\">http:\/\/revolution\u00e4r.ch\/wordpress\/<strong><br \/>\n<\/strong><\/a><\/p>\n<\/div>\n","protected":false},"excerpt":{"rendered":"<p>Helft mit zu mobilisieren, Flyer gibts in der Reitschule (Infoladen), verteilt sie in eurem Umfeld, werft sie dem Nachbar in den Briefkasten\u2026 Teilt den Aufruf auf euren Websiten, Facebook, Twitter usw\u2026 und das wichtigste: kommt am Samstag um 14Uhr auf den Bahnhofplatz\/HG in Bern! Nur zusammen k\u00f6nnen wir ein wirklich starkes Zeichen gegen das Verbot des Antifaschistischen Spaziergangs setzen! <a href=\"https:\/\/www.lagota.ch\/?p=2428\">Continue reading <span class=\"meta-nav\">&rarr;<\/span><\/a><\/p>\n","protected":false},"author":1,"featured_media":0,"comment_status":"closed","ping_status":"open","sticky":false,"template":"","format":"standard","meta":{"footnotes":""},"categories":[13,328,49,16,18],"tags":[832,1149,102,837,27],"class_list":["post-2428","post","type-post","status-publish","format-standard","hentry","category-antifa","category-antira","category-antirep","category-schweiz","category-squat-the-world","tag-abendspaziergang","tag-antifa","tag-bern","tag-demonstrationsverbot","tag-repression"],"_links":{"self":[{"href":"https:\/\/www.lagota.ch\/index.php?rest_route=\/wp\/v2\/posts\/2428","targetHints":{"allow":["GET"]}}],"collection":[{"href":"https:\/\/www.lagota.ch\/index.php?rest_route=\/wp\/v2\/posts"}],"about":[{"href":"https:\/\/www.lagota.ch\/index.php?rest_route=\/wp\/v2\/types\/post"}],"author":[{"embeddable":true,"href":"https:\/\/www.lagota.ch\/index.php?rest_route=\/wp\/v2\/users\/1"}],"replies":[{"embeddable":true,"href":"https:\/\/www.lagota.ch\/index.php?rest_route=%2Fwp%2Fv2%2Fcomments&post=2428"}],"version-history":[{"count":1,"href":"https:\/\/www.lagota.ch\/index.php?rest_route=\/wp\/v2\/posts\/2428\/revisions"}],"predecessor-version":[{"id":2429,"href":"https:\/\/www.lagota.ch\/index.php?rest_route=\/wp\/v2\/posts\/2428\/revisions\/2429"}],"wp:attachment":[{"href":"https:\/\/www.lagota.ch\/index.php?rest_route=%2Fwp%2Fv2%2Fmedia&parent=2428"}],"wp:term":[{"taxonomy":"category","embeddable":true,"href":"https:\/\/www.lagota.ch\/index.php?rest_route=%2Fwp%2Fv2%2Fcategories&post=2428"},{"taxonomy":"post_tag","embeddable":true,"href":"https:\/\/www.lagota.ch\/index.php?rest_route=%2Fwp%2Fv2%2Ftags&post=2428"}],"curies":[{"name":"wp","href":"https:\/\/api.w.org\/{rel}","templated":true}]}}