{"id":2431,"date":"2015-10-20T09:08:51","date_gmt":"2015-10-20T08:08:51","guid":{"rendered":"http:\/\/www.lagota.ch\/?p=2431"},"modified":"2015-10-20T09:08:51","modified_gmt":"2015-10-20T08:08:51","slug":"flex-the-power-reflex-antifascism-sa-24-10-ab-18uhr-vorplatz-bern","status":"publish","type":"post","link":"https:\/\/www.lagota.ch\/?p=2431","title":{"rendered":"Flex the Power \u2013 Reflex Antifascism! Sa. 24.10. ab 18Uhr, Vorplatz Bern"},"content":{"rendered":"<p>Es gab zahlreiche und unterschiedliche Reaktionen zum Antifaschistischen Abenspaziergang. Fakt bleibt: \u00dcber 2000 Antifaschist*innen beteiligten sich an bisher sieben (!) Demonstrationen. Das entschlossene Auftreten auf der Strasse \u2013 trotz immensem Polizeiaufmarsch \u2013 zeigt uns, dass Antifaschismus nach wie vor ein wichtiges Thema ist. Viele unterschiedliche Menschen und Gruppen haben sich kreativ und selbstbestimmt eingebracht.<\/p>\n<p>Gemeinsam wollen wir die intensiven Ereignisse der letzten beiden Wochen reflektieren und neue Perspektiven entwickeln: <strong>Kommt alle ans Antifaschistische Reflexionsfest! Diesen Samstag, 24.10, ab 18Uhr, Vorplatz Reitschule<\/p>\n<p><a href=\"https:\/\/www.lagota.ch\/wp-content\/uploads\/Reflex.jpg\"><img loading=\"lazy\" decoding=\"async\" class=\"alignleft size-large wp-image-2432\" src=\"https:\/\/www.lagota.ch\/wp-content\/uploads\/Reflex-1024x1017.jpg\" alt=\"Reflex\" width=\"1024\" height=\"1017\" srcset=\"https:\/\/www.lagota.ch\/wp-content\/uploads\/Reflex-1024x1017.jpg 1024w, https:\/\/www.lagota.ch\/wp-content\/uploads\/Reflex-150x150.jpg 150w, https:\/\/www.lagota.ch\/wp-content\/uploads\/Reflex-300x298.jpg 300w, https:\/\/www.lagota.ch\/wp-content\/uploads\/Reflex.jpg 1948w\" sizes=\"auto, (max-width: 1024px) 100vw, 1024px\" \/><\/a><\/strong><\/p>\n<p>Wir alle, die wir gegen Faschismus und Machtkonstrukte demonstriert und uns gegen den nun passierten Rechtsrutsch engagiert haben, wollen die Ereignisse reflektieren, diskutieren, feiern und vor allem eine gemeinsame antifaschistische Perspektive entwickeln.<\/p>\n<p>Teile uns und Anderen deine Gedanken mit zu den Demos, der Polizeigewalt, dem Rassismus und der Medienberichterstattung. Diskutiere mit \u00fcber Perspektiven des Antifaschismus und die M\u00f6glichkeiten, ausserparlamentarische Oppositionsarbeit zu leisten \u2013 nach dem katastrophalen Wahlsonntag erst recht!<\/p>\n<p>Bring was zu Essen mit, damit wir alle gest\u00e4rkt durch den Abend gehen k\u00f6nnen.<\/p>\n<p>Schreibe Texte, die wir dann gemeinsam ver\u00f6ffentlichen werden. Sag deine Meinung am \u201eOpen Mic\u201c, damit wir die Vielf\u00e4ltigkeit der Antifa-Bewegung sehen und h\u00f6ren k\u00f6nnen &amp; bleibt krativ..<\/p>\n<p><b>Die Wahl: Ein weiterer Grund, vorbeizukommen<\/b><\/p>\n<p>Die Wahlresultate haben gezeigt, dass der vorausgesagte Rechtsrutsch im Parlament nun real ist.. Nebst der SVP haben auch zahlreiche kleinere rechtsnationale Parteien mit menschenfeindlicher Hetze profitiert. Auch die FDP, die zulegte, ist mit der SVP fast \u00fcberall auf gleicher rassistisch-kapitalistischer Linie. Die parlamentarische Rechte bietet die ideologische Grundlage f\u00fcr Faschisten auf der Strasse: So tauchten immer wieder organisierte rechte Hooligans und bekennende Neonazis bei den verschiedenen antifaschistischen Demonstrationen auf. In Deutschland ist es mittlerweile Alltag, dass Asylunterk\u00fcnfte angez\u00fcndet oder unter Wasser gesetzt werden. Antifaschist*innen, Fl\u00fcchtlingshelfer und sogar Politiker werden mit Waffengewalt angegriffen und mit dem Tod bedroht. Es ist leider nur eine Frage der Zeit, bis derartiges auch in der Schweiz geh\u00e4uft vorkommen wird!<\/p>\n<p>Seien wir wachsam, seien wir rechtzeitig: Faschismus und Rassismus im Keim ersticken! Herrschaftsformen hinterfragen, Kapitalismus bek\u00e4mpfen!<\/p>\n<p><strong>Infomaterial | Essen | Trinken | Diskutieren | Vortrag | Musik | Malen | \u2026gemeinsam Perspektive entwickeln!<\/strong><\/p>\n<p><strong>Komm vorbei zum Antifaschistischen Reflexionsfest: Samstag, 24.10.15, ab 17 Uhr, Sch\u00fctzenmatte, Bern<br \/>\n<\/strong><\/p>\n<p>Quelle: <a href=\"http:\/\/revolution\u00e4r.ch\/wordpress\/?p=1858\">http:\/\/revolution\u00e4r.ch\/wordpress\/?p=1858<\/a><\/p>\n<p><strong>\u00a0<\/strong><\/p>\n","protected":false},"excerpt":{"rendered":"<p>Es gab zahlreiche und unterschiedliche Reaktionen zum Antifaschistischen Abenspaziergang. Fakt bleibt: \u00dcber 2000 Antifaschist*innen beteiligten sich an bisher sieben (!) Demonstrationen. Das entschlossene Auftreten auf der Strasse \u2013 trotz immensem Polizeiaufmarsch \u2013 zeigt uns, dass Antifaschismus nach wie vor ein wichtiges Thema ist. Viele unterschiedliche Menschen und Gruppen haben sich kreativ und selbstbestimmt eingebracht.<\/p>\n<p>Gemeinsam wollen wir die intensiven Ereignisse der letzten beiden Wochen reflektieren und neue Perspektiven entwickeln: Kommt alle ans Antifaschistische Reflexionsfest! Diesen Samstag, 24.10, ab 18Uhr, Vorplatz Reitschule <a href=\"https:\/\/www.lagota.ch\/?p=2431\">Continue reading <span class=\"meta-nav\">&rarr;<\/span><\/a><\/p>\n","protected":false},"author":1,"featured_media":0,"comment_status":"closed","ping_status":"open","sticky":false,"template":"","format":"standard","meta":{"footnotes":""},"categories":[13,328,49,16,18],"tags":[832,1149,102,803],"class_list":["post-2431","post","type-post","status-publish","format-standard","hentry","category-antifa","category-antira","category-antirep","category-schweiz","category-squat-the-world","tag-abendspaziergang","tag-antifa","tag-bern","tag-polizeistaat"],"_links":{"self":[{"href":"https:\/\/www.lagota.ch\/index.php?rest_route=\/wp\/v2\/posts\/2431","targetHints":{"allow":["GET"]}}],"collection":[{"href":"https:\/\/www.lagota.ch\/index.php?rest_route=\/wp\/v2\/posts"}],"about":[{"href":"https:\/\/www.lagota.ch\/index.php?rest_route=\/wp\/v2\/types\/post"}],"author":[{"embeddable":true,"href":"https:\/\/www.lagota.ch\/index.php?rest_route=\/wp\/v2\/users\/1"}],"replies":[{"embeddable":true,"href":"https:\/\/www.lagota.ch\/index.php?rest_route=%2Fwp%2Fv2%2Fcomments&post=2431"}],"version-history":[{"count":1,"href":"https:\/\/www.lagota.ch\/index.php?rest_route=\/wp\/v2\/posts\/2431\/revisions"}],"predecessor-version":[{"id":2433,"href":"https:\/\/www.lagota.ch\/index.php?rest_route=\/wp\/v2\/posts\/2431\/revisions\/2433"}],"wp:attachment":[{"href":"https:\/\/www.lagota.ch\/index.php?rest_route=%2Fwp%2Fv2%2Fmedia&parent=2431"}],"wp:term":[{"taxonomy":"category","embeddable":true,"href":"https:\/\/www.lagota.ch\/index.php?rest_route=%2Fwp%2Fv2%2Fcategories&post=2431"},{"taxonomy":"post_tag","embeddable":true,"href":"https:\/\/www.lagota.ch\/index.php?rest_route=%2Fwp%2Fv2%2Ftags&post=2431"}],"curies":[{"name":"wp","href":"https:\/\/api.w.org\/{rel}","templated":true}]}}