{"id":2441,"date":"2015-11-04T13:25:49","date_gmt":"2015-11-04T12:25:49","guid":{"rendered":"http:\/\/www.lagota.ch\/?p=2441"},"modified":"2015-11-04T13:25:49","modified_gmt":"2015-11-04T12:25:49","slug":"zh-demo-stacheldraht-zu-altmetall","status":"publish","type":"post","link":"https:\/\/www.lagota.ch\/?p=2441","title":{"rendered":"ZH: Demo Stacheldraht zu Altmetall"},"content":{"rendered":"<p><span class=\"articletext\"><a href=\"https:\/\/www.lagota.ch\/wp-content\/uploads\/stacheldraht3.jpg\"><img loading=\"lazy\" decoding=\"async\" class=\"alignleft size-large wp-image-2442\" src=\"https:\/\/www.lagota.ch\/wp-content\/uploads\/stacheldraht3-1024x724.jpg\" alt=\"stacheldraht3\" width=\"1024\" height=\"724\" srcset=\"https:\/\/www.lagota.ch\/wp-content\/uploads\/stacheldraht3-1024x724.jpg 1024w, https:\/\/www.lagota.ch\/wp-content\/uploads\/stacheldraht3-300x212.jpg 300w\" sizes=\"auto, (max-width: 1024px) 100vw, 1024px\" \/><\/a>Um Krieg, Krise und diktatorischen Regierungen zu entkommen, setzen sich viele Menschen in Bewegung, um sich anderswo ein Leben aufzubauen. Die kapitalistischen Zentren tragen f\u00fcr das Elend, das diese Menschen zur Flucht zwingt, eine direkte Verantwortung: Die USA und die NATO f\u00fchren imperialistische Kriege, westliche Geheimdienste heizen B\u00fcrgerkriege auf, europ\u00e4ische R\u00fcstungsfirmen liefern Waffen in Krisengebiete und westliche Konzerne beuten Menschen und nat\u00fcrliche Ressourcen auf der ganzen Welt aus. Gleichzeitig schotten sich die europ\u00e4ischen Staaten weiter ab: Sie r\u00fcsten die Grenzwachen auf, bauen Z\u00e4une und Mauern, sie dr\u00fccken Notstandsbestimmungen durch, welche die Befugnisse von Polizei und Milit\u00e4r beim Grenzschutz massiv ausweiten. Die Migrant_innen sind bei diesem militarisierten Grenzregime gezwungen, immer gef\u00e4hrlichere Routen einzuschlagen. Die Flucht nach Europa ist lebensgef\u00e4hrlich. <\/span><\/p>\n<p>Diejenigen, die es bis in die mitteleurop\u00e4ischen L\u00e4nder schaffen, erwartet hier eine repressive Asylverwaltung: Migrant_innen werden in Lager und Bunker gesteckt, die aufs Minimum reduzierte Nothilfe zwingt die Leute zu einem prek\u00e4ren Alltag. Im \u00f6ffentlichen Raum werden Migrant_innen von der Polizei schikaniert, wo es nur geht. Hier in Z\u00fcrich ist das t\u00e4glich zu sehen: Die Polizei f\u00fchrt rassistische Personenkontrollen durch, verteilt Wegweisungen, nimmt auch immer wieder Leute auf den Posten mit, um sie dort weiter zu schikanieren und einzusch\u00fcchtern.<\/p>\n<p>Gleichzeitig wird gegen diese Menschen im grossen Stil Stimmung gemacht: In ganz Europa investieren rechte Kr\u00e4fte in Hetzkampagnen gegen Migrant_innen. Hier in der Schweiz ist es die finanzkr\u00e4ftige und von reichen Unternehmer_innen gef\u00fchrte SVP, die am penetrantesten gegen Migrant_innen hetzt. Die SVP ist eine typische rechte Partei, wie sie im Moment in weiten Teilen Europas auf dem Vormarsch sind. Sie betreiben eine aggressive arbeiter_innenfeindliche Politik und sch\u00fcren gleichzeitig den Hass auf Fl\u00fcchtlinge und Sozialhilfeempf\u00e4nger_innen. Damit treiben sie die Entsolidarisierung in der Gesellschaft weiter voran. Die Folgen der rechten Hetze sind m\u00f6rderisch: Ein aggressiver Rassismus gewinnt an Boden, immer wieder kommt es zu Anschl\u00e4gen auf Asylunterk\u00fcnfte und zu \u00dcbergriffen gegen Migrant_innen.<\/p>\n<p>Der rassistischen Hetze sagen wir den Kampf an. Lassen wir uns nicht spalten! Wir solidarisieren uns mit den Fl\u00fcchtenden und den Migrationsk\u00e4mpfen, die an vielen Orten gef\u00fchrt werden. Wir tragen unsere Solidarit\u00e4t auf die Strasse, hier im Kreis 4, wo die Migrant_innen der t\u00e4glichen Repression ausgesetzt sind, wo die Polizei Fl\u00fcchtlinge und migrantische Sexarbeiterinnen schikaniert, hier, wo Menschen mit der \u201eStadtaufwertung\u201c aus der Innenstadt vertrieben werden. Wehren wir uns gemeinsam gegen die systematische Marginalisierung, Illegalisierung und Inhaftierung von Gefl\u00fcchteten! K\u00e4mpfen wir f\u00fcr globale Bewegungsfreiheit und f\u00fcr eine Gesellschaft ohne Ausbeutung und Unterdr\u00fcckung!<\/p>\n<p>Gegen Krieg und Krise \u2013 internationale Klassensolidarit\u00e4t! No border, no nation!<\/p>\n<p><strong>Demo: Samstag 7. November 2015, 16:30 Uhr, Piazza Cella Langstrasse Z\u00fcrich<\/strong><\/p>\n","protected":false},"excerpt":{"rendered":"<p>Um Krieg, Krise und diktatorischen Regierungen zu entkommen, setzen sich viele Menschen in Bewegung, um sich anderswo ein Leben aufzubauen. Die kapitalistischen Zentren tragen f\u00fcr das Elend, das diese Menschen zur Flucht zwingt, eine direkte Verantwortung: Die USA und die NATO f\u00fchren imperialistische Kriege, westliche Geheimdienste heizen B\u00fcrgerkriege auf, europ\u00e4ische R\u00fcstungsfirmen liefern Waffen in Krisengebiete und westliche Konzerne beuten Menschen und nat\u00fcrliche Ressourcen auf der ganzen Welt aus. Gleichzeitig schotten sich die europ\u00e4ischen Staaten weiter ab: Sie r\u00fcsten die Grenzwachen auf, bauen Z\u00e4une und Mauern, sie dr\u00fccken Notstandsbestimmungen durch, welche die Befugnisse von Polizei und Milit\u00e4r beim Grenzschutz massiv ausweiten. Die Migrant_innen sind bei diesem militarisierten Grenzregime gezwungen, immer gef\u00e4hrlichere Routen einzuschlagen. Die Flucht nach Europa ist lebensgef\u00e4hrlich.  <a href=\"https:\/\/www.lagota.ch\/?p=2441\">Continue reading <span class=\"meta-nav\">&rarr;<\/span><\/a><\/p>\n","protected":false},"author":1,"featured_media":0,"comment_status":"closed","ping_status":"open","sticky":false,"template":"","format":"standard","meta":{"footnotes":""},"categories":[13,328,406,108],"tags":[66,160,37,103,840,121],"class_list":["post-2441","post","type-post","status-publish","format-standard","hentry","category-antifa","category-antira","category-migration","category-wirtschaftskrise","tag-demo","tag-krieg","tag-krise","tag-rassismus","tag-stacheldraht","tag-zurich"],"_links":{"self":[{"href":"https:\/\/www.lagota.ch\/index.php?rest_route=\/wp\/v2\/posts\/2441","targetHints":{"allow":["GET"]}}],"collection":[{"href":"https:\/\/www.lagota.ch\/index.php?rest_route=\/wp\/v2\/posts"}],"about":[{"href":"https:\/\/www.lagota.ch\/index.php?rest_route=\/wp\/v2\/types\/post"}],"author":[{"embeddable":true,"href":"https:\/\/www.lagota.ch\/index.php?rest_route=\/wp\/v2\/users\/1"}],"replies":[{"embeddable":true,"href":"https:\/\/www.lagota.ch\/index.php?rest_route=%2Fwp%2Fv2%2Fcomments&post=2441"}],"version-history":[{"count":1,"href":"https:\/\/www.lagota.ch\/index.php?rest_route=\/wp\/v2\/posts\/2441\/revisions"}],"predecessor-version":[{"id":2443,"href":"https:\/\/www.lagota.ch\/index.php?rest_route=\/wp\/v2\/posts\/2441\/revisions\/2443"}],"wp:attachment":[{"href":"https:\/\/www.lagota.ch\/index.php?rest_route=%2Fwp%2Fv2%2Fmedia&parent=2441"}],"wp:term":[{"taxonomy":"category","embeddable":true,"href":"https:\/\/www.lagota.ch\/index.php?rest_route=%2Fwp%2Fv2%2Fcategories&post=2441"},{"taxonomy":"post_tag","embeddable":true,"href":"https:\/\/www.lagota.ch\/index.php?rest_route=%2Fwp%2Fv2%2Ftags&post=2441"}],"curies":[{"name":"wp","href":"https:\/\/api.w.org\/{rel}","templated":true}]}}