{"id":2445,"date":"2015-11-09T10:29:20","date_gmt":"2015-11-09T09:29:20","guid":{"rendered":"http:\/\/www.lagota.ch\/?p=2445"},"modified":"2015-11-09T10:29:20","modified_gmt":"2015-11-09T09:29:20","slug":"verteidiger-europas","status":"publish","type":"post","link":"https:\/\/www.lagota.ch\/?p=2445","title":{"rendered":"\u00bbVerteidiger Europas\u00ab"},"content":{"rendered":"<p>Ungarns rechtspopulistischer Ministerpr\u00e4sident Viktor Orb\u00e1n sieht Europa von dunklen M\u00e4chten bedroht: \u00bbEs ist kein Zufall, dass t\u00e4glich Tausende Migranten nach Europa angeliefert werden\u00ab, \u00e4u\u00dferte er am 30. Oktober auf einer Konferenz im Italienischen Kulturinstitut in Budapest. \u00bbMan will eine bewusste Konstruktion verwirklichen, die man linksgerichtet nennen kann.\u00ab Seine Urspr\u00fcnge habe das drohende Unheil in \u00bbwirren Tr\u00e4umen einiger gro\u00dfer Geldm\u00e4nner\u00ab und \u00bbtransnationaler Aktivisten\u00ab.<\/p>\n<p><a href=\"https:\/\/www.lagota.ch\/wp-content\/uploads\/orban.jpg\"><img loading=\"lazy\" decoding=\"async\" class=\"alignleft size-full wp-image-2447\" src=\"https:\/\/www.lagota.ch\/wp-content\/uploads\/orban.jpg\" alt=\"orban\" width=\"700\" height=\"410\" srcset=\"https:\/\/www.lagota.ch\/wp-content\/uploads\/orban.jpg 700w, https:\/\/www.lagota.ch\/wp-content\/uploads\/orban-300x175.jpg 300w\" sizes=\"auto, (max-width: 700px) 100vw, 700px\" \/><\/a>Um die von ihm ausgemachten finsteren Pl\u00e4ne zu vereiteln, lie\u00df Orb\u00e1n damit beginnen, sein Land mit Stacheldraht einzuz\u00e4unen. Seitdem wird er von Gesinnungsgenossen im In- und Ausland als Pionier einer L\u00f6sung des \u00bbFl\u00fcchtlingsproblems\u00ab gefeiert. Der Zaun ist bis jetzt fast 500 Kilometer lang und sperrt damit knapp ein Viertel der Au\u00dfengrenze des Landes ab.<\/p>\n<p>Von gro\u00dfer Wichtigkeit sind f\u00fcr Orb\u00e1n die Reaktionen aus dem westlichen Ausland. Aus Deutschland etwa kamen nicht nur Gru\u00dfbotschaften von Pegida und Neonazis; auch durch Aussagen von Regierungspolitikern wie dem CSU-Bundestagsabgeordneten Hans-Peter Uhl f\u00fchlt sich der Regierungschef best\u00e4rkt. Uhl erkl\u00e4rte in einem <em>Spiegel<\/em>-Interview: \u00bbOrb\u00e1n hatte mit dem Grenzzaun von Anfang an recht.\u00ab Die Einladung durch Horst Seehofer zur Fraktionsklausur der CSU Ende September war f\u00fcr Orb\u00e1n geradezu ein Befreiungsschlag, weil er endlich wieder einmal bei einem bedeutenderen West-Politiker zu Gast sein durfte. In den letzten Jahren war er praktisch ausschlie\u00dflich in den Osten gereist, zum Beispiel in die ehemaligen Sowjetrepubliken Aserbaidschan oder Kasachstan.<\/p>\n<p>Sein Besuch in Bayern war zudem auch eine Art Racheakt. Insider aus seiner Partei Fidesz (Ungarischer B\u00fcrgerbund) sagen, dass der Ministerpr\u00e4sident sich ausschlie\u00dflich vor einer Person f\u00fcrchte \u2013 und dies sei Angela Merkel. Als die CSU ihre eigenen rechtspopulistischen Traditionen aufgriff und vor der offenen Konfrontation mit der Bundeskanzlerin nicht mehr zur\u00fcckscheute, sah er seine Zeit gekommen und bot sich als Verb\u00fcndeter gegen Merkel an. Umgekehrt kam es Seehofer nicht ungelegen, sich Orb\u00e1n als eine Art n\u00fctzlichen Narren an die Seite zu stellen \u2013 spricht dieser doch all das aus, was man in Deutschland nicht sagen kann, ohne damit einen Skandal zu provozieren.<\/p>\n<p>Manche Eigenheiten der Fl\u00fcchtlingspolitik Orb\u00e1ns speisen sich auch aus rein innenpolitischen Motiven. So soll in der Bev\u00f6lkerung gezielt Angst vor Fremden gesch\u00fcrt werden. Der Ministerpr\u00e4sident fand in der vermeintlichen \u00bbV\u00f6lkerwanderung\u00ab von \u00bbIllegalen\u00ab zudem ein dauerhaftes Hassobjekt. Er wei\u00df, dass er mit dem traditionellen Nationalismus, dem Rassismus und der Fremdenfeindlichkeit seiner Landsleute jederzeit rechnen kann. Au\u00dferdem bietet ihm die aktuelle Lage die M\u00f6glichkeit, sich vor aller Welt als Retter Europas zu verkaufen . Er tritt dabei in die ideologischen Fu\u00dfstapfen der Helden aus der Zeit der \u00bbT\u00fcrkenkriege\u00ab im 16. und 17. Jahrhundert. So bringt der Regierungschef die Ungarn als \u00bbVerteidiger Europas\u00ab in Stellung, die sie \u00bbin K\u00e4mpfen durch die Jahrhunderte\u00ab gewesen seien, wie es in der Pr\u00e4ambel zur neuen Verfassung hei\u00dft. Parallel dazu wird alle Verantwortung f\u00fcr existierende Missst\u00e4nde Deutschland beziehungsweise Angela Merkel in die Schuhe geschoben.<\/p>\n<p>&nbsp;<\/p>\n<p>Quelle: <a href=\"http:\/\/www.jungewelt.de\/2015\/11-09\/066.php\">http:\/\/www.jungewelt.de\/2015\/11-09\/066.php<\/a><\/p>\n","protected":false},"excerpt":{"rendered":"<p>Ungarns Regierungschef Viktor Orb\u00e1n n\u00e4hrt mit seiner Abschottungspolitik nationale Mythen <a href=\"https:\/\/www.lagota.ch\/?p=2445\">Continue reading <span class=\"meta-nav\">&rarr;<\/span><\/a><\/p>\n","protected":false},"author":1,"featured_media":0,"comment_status":"closed","ping_status":"open","sticky":false,"template":"","format":"standard","meta":{"footnotes":""},"categories":[13,328,10,406],"tags":[843,842,841,208],"class_list":["post-2445","post","type-post","status-publish","format-standard","hentry","category-antifa","category-antira","category-aus-aller-welt","category-migration","tag-fidesz","tag-neofaschismus","tag-orban","tag-ungarn"],"_links":{"self":[{"href":"https:\/\/www.lagota.ch\/index.php?rest_route=\/wp\/v2\/posts\/2445","targetHints":{"allow":["GET"]}}],"collection":[{"href":"https:\/\/www.lagota.ch\/index.php?rest_route=\/wp\/v2\/posts"}],"about":[{"href":"https:\/\/www.lagota.ch\/index.php?rest_route=\/wp\/v2\/types\/post"}],"author":[{"embeddable":true,"href":"https:\/\/www.lagota.ch\/index.php?rest_route=\/wp\/v2\/users\/1"}],"replies":[{"embeddable":true,"href":"https:\/\/www.lagota.ch\/index.php?rest_route=%2Fwp%2Fv2%2Fcomments&post=2445"}],"version-history":[{"count":2,"href":"https:\/\/www.lagota.ch\/index.php?rest_route=\/wp\/v2\/posts\/2445\/revisions"}],"predecessor-version":[{"id":2448,"href":"https:\/\/www.lagota.ch\/index.php?rest_route=\/wp\/v2\/posts\/2445\/revisions\/2448"}],"wp:attachment":[{"href":"https:\/\/www.lagota.ch\/index.php?rest_route=%2Fwp%2Fv2%2Fmedia&parent=2445"}],"wp:term":[{"taxonomy":"category","embeddable":true,"href":"https:\/\/www.lagota.ch\/index.php?rest_route=%2Fwp%2Fv2%2Fcategories&post=2445"},{"taxonomy":"post_tag","embeddable":true,"href":"https:\/\/www.lagota.ch\/index.php?rest_route=%2Fwp%2Fv2%2Ftags&post=2445"}],"curies":[{"name":"wp","href":"https:\/\/api.w.org\/{rel}","templated":true}]}}