{"id":2449,"date":"2015-11-13T16:40:30","date_gmt":"2015-11-13T15:40:30","guid":{"rendered":"http:\/\/www.lagota.ch\/?p=2449"},"modified":"2015-11-13T16:40:30","modified_gmt":"2015-11-13T15:40:30","slug":"demonstranten-bekampfen-ausschaffung-in-luzern","status":"publish","type":"post","link":"https:\/\/www.lagota.ch\/?p=2449","title":{"rendered":"Demonstranten bek\u00e4mpfen Ausschaffung in Luzern"},"content":{"rendered":"<p>LUZERN \u22c5 Vor dem Hauptgeb\u00e4ude der Luzerner Polizei haben am fr\u00fchen Donnerstagmorgen bis zu 40 Personen lautstark gegen die Ausschaffung eines Eritreers demonstriert.<\/p>\n<p>Die 40 Aktivisten blockierten gegen 5 Uhr das Luzerner Polizeigeb\u00e4ude. Sie demonstrierten gem\u00e4ss einem Augenzeugen lautstark gegen die Ausschaffung eines Eritreers. Unter anderem war der Slogan \u00abRefugees are welcome here\u00bb zu h\u00f6ren.<\/p>\n<p>Die Aktivisten der Bewegung \u00abBleiberecht f\u00fcr alle!\u00bb wollten verhindern, dass der Mann \u00abgegen seinen Willen vom Polizeiposten Luzern zum Flughafen Koten zu seiner Zwangsausschaffung gebracht wird\u00bb, wie sie in einem Communiqu\u00e9 schreiben.<\/p>\n<p>Auf Transparenten forderten die Demonstranten den sofortigen Stopp aller Ausschaffungen. Vor Ort waren gegen 15 Polizisten, die laut Medienmitteilung der Aktivisten jedoch nicht gegen die Blockade vorgingen. Die Aktion war gegen 6.15 Uhr beendet.<\/p>\n<p>Alexander Lieb, Leiter des Amts f\u00fcr Migration des Kantons Luzern, best\u00e4tigte die Aktion auf Anfrage von Luzernerzeitung.ch. Der Eritreer werde vorerst nicht ausgeschafft. Um eine Ausschreitung zu verhindern, sei entschieden worden, die Ausschaffung zu einem sp\u00e4teren Zeitpunkt auszuf\u00fchren. Das Amt f\u00fcr Migration habe den gesetzlichen Auftrag, diese Person auszuschaffen. Die Luzerner Polizei \u00e4usserte sich auf Anfrage nicht zum Vorfall.<\/p>\n<p>Quelle: <a href=\"http:\/\/ch.indymedia.org\/de\/2015\/11\/96185.shtml\">http:\/\/ch.indymedia.org\/de\/2015\/11\/96185.shtml<\/a><\/p>\n","protected":false},"excerpt":{"rendered":"<p>Vor dem Hauptgeb\u00e4ude der Luzerner Polizei haben am fr\u00fchen Donnerstagmorgen bis zu 40 Personen lautstark gegen die Ausschaffung eines Eritreers demonstriert. <a href=\"https:\/\/www.lagota.ch\/?p=2449\">Continue reading <span class=\"meta-nav\">&rarr;<\/span><\/a><\/p>\n","protected":false},"author":1,"featured_media":0,"comment_status":"closed","ping_status":"open","sticky":false,"template":"","format":"standard","meta":{"footnotes":""},"categories":[13,328,11,406,16,18],"tags":[325,844,845,24],"class_list":["post-2449","post","type-post","status-publish","format-standard","hentry","category-antifa","category-antira","category-luzern","category-migration","category-schweiz","category-squat-the-world","tag-ausschaffung","tag-bleiberecht-fur-alle","tag-blockade","tag-polizei"],"_links":{"self":[{"href":"https:\/\/www.lagota.ch\/index.php?rest_route=\/wp\/v2\/posts\/2449","targetHints":{"allow":["GET"]}}],"collection":[{"href":"https:\/\/www.lagota.ch\/index.php?rest_route=\/wp\/v2\/posts"}],"about":[{"href":"https:\/\/www.lagota.ch\/index.php?rest_route=\/wp\/v2\/types\/post"}],"author":[{"embeddable":true,"href":"https:\/\/www.lagota.ch\/index.php?rest_route=\/wp\/v2\/users\/1"}],"replies":[{"embeddable":true,"href":"https:\/\/www.lagota.ch\/index.php?rest_route=%2Fwp%2Fv2%2Fcomments&post=2449"}],"version-history":[{"count":1,"href":"https:\/\/www.lagota.ch\/index.php?rest_route=\/wp\/v2\/posts\/2449\/revisions"}],"predecessor-version":[{"id":2450,"href":"https:\/\/www.lagota.ch\/index.php?rest_route=\/wp\/v2\/posts\/2449\/revisions\/2450"}],"wp:attachment":[{"href":"https:\/\/www.lagota.ch\/index.php?rest_route=%2Fwp%2Fv2%2Fmedia&parent=2449"}],"wp:term":[{"taxonomy":"category","embeddable":true,"href":"https:\/\/www.lagota.ch\/index.php?rest_route=%2Fwp%2Fv2%2Fcategories&post=2449"},{"taxonomy":"post_tag","embeddable":true,"href":"https:\/\/www.lagota.ch\/index.php?rest_route=%2Fwp%2Fv2%2Ftags&post=2449"}],"curies":[{"name":"wp","href":"https:\/\/api.w.org\/{rel}","templated":true}]}}