{"id":2475,"date":"2015-12-14T13:01:30","date_gmt":"2015-12-14T12:01:30","guid":{"rendered":"http:\/\/www.lagota.ch\/?p=2475"},"modified":"2015-12-14T13:01:30","modified_gmt":"2015-12-14T12:01:30","slug":"besetzung-des-geplanten-bundesasylzentrum-zieglerspital-in-bern","status":"publish","type":"post","link":"https:\/\/www.lagota.ch\/?p=2475","title":{"rendered":"Besetzung des geplanten \u201eBundesasylzentrum\u201c Zieglerspital in Bern"},"content":{"rendered":"<p><span class=\"articletext\">Die erfolgreiche Besetzung des geplanten Bundesasyllagers ging heute zu Ende. W\u00e4hrend 2 Tagen wurde der Ort, wo k\u00fcnftig rassistische Unterdr\u00fcckung stattfinden soll, zu einem Raum der Emanzipation. Es wurden Debatten dar\u00fcber gef\u00fchrt, was Selbstverwaltung und Selbstbestimmung bedeutet und erfordert und wie der antirassistische Widerstand gegen die Lager und das gesamte Migrationssystem gest\u00e4rk werden kann.<br \/>\nDie Besetzung hat als direkte, \u00f6ffentliche Aktion im Quartier Diskussionen \u00fcber eine radikale Kritik an den Lagern und m\u00f6glichen Formen von Widerstand ausgel\u00f6st. Die Besetzung richtete sich gegen jedes Lager, in der Stadt und auf dem Land.<br \/>\nDie Besetzung wurde heute beendet, der Widerstand nicht!<br \/>\nGest\u00e4rkt duch die kollktive Aktion werden wir auch morgen Sand im Getriebe sein. (Quelle ch.indymedia.org)<br \/>\n<\/span><\/p>\n<div id=\"gallery-1\" class=\"gallery galleryid-2064 gallery-columns-2 gallery-size-medium\">\n<dl class=\"gallery-item\">\n<dt class=\"gallery-icon landscape\"><a href=\"http:\/\/xn--revolutionr-u8a.ch\/?attachment_id=2066\"><img loading=\"lazy\" decoding=\"async\" class=\"attachment-medium\" src=\"http:\/\/xn--revolutionr-u8a.ch\/wordpress\/wp-content\/uploads\/2015\/12\/ZieglernoLager-300x213.jpeg\" alt=\"ZieglernoLager\" width=\"300\" height=\"213\" \/><\/a><\/dt>\n<\/dl>\n<dl class=\"gallery-item\">\n<dt class=\"gallery-icon landscape\"><a href=\"http:\/\/xn--revolutionr-u8a.ch\/?attachment_id=2067\"><img loading=\"lazy\" decoding=\"async\" class=\"attachment-medium\" src=\"http:\/\/xn--revolutionr-u8a.ch\/wordpress\/wp-content\/uploads\/2015\/12\/Zieglerspitalbesetzt-300x254.jpg\" alt=\"Zieglerspitalbesetzt\" width=\"300\" height=\"254\" \/><\/a><\/dt>\n<\/dl>\n<\/div>\n<p>Mitte 2016 soll das ehemalige Zieglerspital zu einem grossen Bundesasylzentrum umgenutzt werden. Aus Protest gegen die unmenschliche Behandlung der Menschen, die in den Bundeslagern leben sollen, wurde es besetzt. In der Absicht daraus einen Ort zu schaffen, der frei von staatlicher wie auch privater Repression\/Kontrolle ist. Einen Ort an dem Menschen \u2013 die hierher migrieren \u2013 selbstbestimmt und selbstorganisiert leben k\u00f6nnen. Ohne das Diktat des Staates, wann sie das Lager verlassen d\u00fcrfen, bei wem sie sich an\/abzumeldenhaben, ob und wann sie zum Arzt gehen d\u00fcrfen, ohne die st\u00e4ndige \u00dcberwachung und Kontrollen. Einen Ort an dem nicht die Isolation vorangetrieben wird, sondern an dem mensch sich trifft, diskutiert, kocht, spielt, lernt, gestaltet und Probleme gemeinsam l\u00f6st.<\/p>\n","protected":false},"excerpt":{"rendered":"<p>Die erfolgreiche Besetzung des geplanten Bundesasyllagers ging heute zu Ende. W\u00e4hrend 2 Tagen wurde der Ort, wo k\u00fcnftig rassistische Unterdr\u00fcckung stattfinden soll, zu einem Raum der Emanzipation. Es wurden Debatten dar\u00fcber gef\u00fchrt, was Selbstverwaltung und Selbstbestimmung bedeutet und erfordert und wie der antirassistische Widerstand gegen die Lager und das gesamte Migrationssystem gest\u00e4rk werden kann. <a href=\"https:\/\/www.lagota.ch\/?p=2475\">Continue reading <span class=\"meta-nav\">&rarr;<\/span><\/a><\/p>\n","protected":false},"author":1,"featured_media":0,"comment_status":"closed","ping_status":"open","sticky":false,"template":"","format":"standard","meta":{"footnotes":""},"categories":[328,406,6,16,18],"tags":[93,857,111,27],"class_list":["post-2475","post","type-post","status-publish","format-standard","hentry","category-antira","category-migration","category-news","category-schweiz","category-squat-the-world","tag-besetzung","tag-bundesasylzentrum","tag-protest","tag-repression"],"_links":{"self":[{"href":"https:\/\/www.lagota.ch\/index.php?rest_route=\/wp\/v2\/posts\/2475","targetHints":{"allow":["GET"]}}],"collection":[{"href":"https:\/\/www.lagota.ch\/index.php?rest_route=\/wp\/v2\/posts"}],"about":[{"href":"https:\/\/www.lagota.ch\/index.php?rest_route=\/wp\/v2\/types\/post"}],"author":[{"embeddable":true,"href":"https:\/\/www.lagota.ch\/index.php?rest_route=\/wp\/v2\/users\/1"}],"replies":[{"embeddable":true,"href":"https:\/\/www.lagota.ch\/index.php?rest_route=%2Fwp%2Fv2%2Fcomments&post=2475"}],"version-history":[{"count":1,"href":"https:\/\/www.lagota.ch\/index.php?rest_route=\/wp\/v2\/posts\/2475\/revisions"}],"predecessor-version":[{"id":2476,"href":"https:\/\/www.lagota.ch\/index.php?rest_route=\/wp\/v2\/posts\/2475\/revisions\/2476"}],"wp:attachment":[{"href":"https:\/\/www.lagota.ch\/index.php?rest_route=%2Fwp%2Fv2%2Fmedia&parent=2475"}],"wp:term":[{"taxonomy":"category","embeddable":true,"href":"https:\/\/www.lagota.ch\/index.php?rest_route=%2Fwp%2Fv2%2Fcategories&post=2475"},{"taxonomy":"post_tag","embeddable":true,"href":"https:\/\/www.lagota.ch\/index.php?rest_route=%2Fwp%2Fv2%2Ftags&post=2475"}],"curies":[{"name":"wp","href":"https:\/\/api.w.org\/{rel}","templated":true}]}}