{"id":2481,"date":"2015-12-23T09:18:10","date_gmt":"2015-12-23T08:18:10","guid":{"rendered":"http:\/\/www.lagota.ch\/?p=2481"},"modified":"2015-12-23T09:18:10","modified_gmt":"2015-12-23T08:18:10","slug":"newsletter-solidaritatskomitee-rojava-luzern","status":"publish","type":"post","link":"https:\/\/www.lagota.ch\/?p=2481","title":{"rendered":"Newsletter Solidarit\u00e4tskomitee Rojava-Luzern"},"content":{"rendered":"<p>Aus den kurdischen St\u00e4dten, die von den t\u00fcrkischen Truppen belagert werden, erreichen uns in diesen Stunden grausamste Bilder, die wir hier nicht ver\u00f6ffentlichen wollen. Wohnquartiere werden r\u00fccksichtslos bombardiert, Frauen und M\u00e4nner auf offener Strasse erschossen, Kinder werden misshandelt und zu Tode gepr\u00fcgelt. Es sind unaushaltbare Bilder. Es sind unhaltbare, schwerste Verbrechen, die die t\u00fcrkischen Sicherheitskr\u00e4fte in diesen Stunden begehen.<\/p>\n<p>Die aktuelle Entwicklung l\u00e4sst nur einen Schluss zu: Die t\u00fcrkischen Sicherheitskr\u00e4fte f\u00fchren Krieg. Es ist ein rassistischer und antikommunistischer Krieg gegen Kurdinnen und Kurden. Es ist ein faschistischer Krieg.<\/p>\n<p>Die T\u00fcrkei ist unter Erdogan zu einem faschistischen M\u00f6rder- und Verbrecherstaat geworden.<\/p>\n<p>Und was macht der Westen, der im Namen der Menschenrechte gegen Saddam Hussein Krieg gef\u00fchrt hat? Er schaut weg &#8211; und klopft Erdogan bei n\u00e4chster Gelegenheit wieder kumpelhaft auf die Schulter. Schliesslich ist die T\u00fcrkei ein verl\u00e4sslicher Nato-Partner. Schliesslich l\u00f6st die T\u00fcrkei willf\u00e4hrig das europ\u00e4ische Fl\u00fcchtlingsproblem.<\/p>\n<p>Schlimmer noch: die westlichen Staaten machen nicht einfach nichts, sie unterst\u00fctzen die t\u00fcrkischen Verbrechen sogar tatkr\u00e4ftig mit &#8211; unter anderem mit Waffenlieferungen.<\/p>\n<p>Auch Schweizer Firmen verdienen jedes Jahr mit. Die Schweiz liefert j\u00e4hrlich f\u00fcr ca. 4 Mio. Franken Waffen an die T\u00fcrkei. Das muss aufh\u00f6ren, sofort. Wenn es dem Bundesrat Ernst w\u00e4re mit der viel beschworenen &#8220;humanit\u00e4ren Tradition der Schweiz&#8221;, dann w\u00fcrde er endlich handeln und Schluss machen mit Waffenlieferungen an die faschistische T\u00fcrkei. Er w\u00fcrde Schluss machen mit den freundschaftlichen Beziehungen mit dem Regime Erdogan. Er w\u00fcrde die t\u00fcrkischen Verbrechen gegen die Menschlichkeit, die Ermordung und Verhaftung Unschuldiger verurteilen. Doch wir wissen, was wir von unserem rechtsb\u00fcrgerlichen Bundesrat erwarten k\u00f6nnen: Nichts dergleichen. Dicke Gesch\u00e4fte will er machen, alles andere ist Nebensache.<\/p>\n<p>Deshalb m\u00fcssen wir die Solidarit\u00e4t in die eigenen H\u00e4nde nehmen. Unsere Solidarit\u00e4t gilt der leidgepr\u00fcften Bev\u00f6lkerung in den kurdischen St\u00e4dten, und denen, die sich den Schergen und Bluthunden Erdogans mutig entgegenstellen. Unsere Solidarit\u00e4t gilt den politischen Gefangenen in den t\u00fcrkischen Gef\u00e4ngnissen.<\/p>\n<p>Liebe Freundinnen und Freunde, sensibilisiert eure Bekannten f\u00fcr das, was gegenw\u00e4rtig abgeht in den t\u00fcrkisch besetzten Gebieten, sie liegen nicht weit weg von hier. Beteiligt euch an Solidarit\u00e4tsaktionen f\u00fcr Kurdistan. Storniert eure Reisen in die T\u00fcrkei.<\/p>\n","protected":false},"excerpt":{"rendered":"<p>Aus den kurdischen St\u00e4dten, die von den t\u00fcrkischen Truppen belagert werden, erreichen uns in diesen Stunden grausamste Bilder, die wir hier nicht ver\u00f6ffentlichen wollen. Wohnquartiere werden r\u00fccksichtslos bombardiert, Frauen und M\u00e4nner auf offener Strasse erschossen, Kinder werden misshandelt und zu Tode gepr\u00fcgelt. Es sind unaushaltbare Bilder. Es sind unhaltbare, schwerste Verbrechen, die die t\u00fcrkischen Sicherheitskr\u00e4fte in diesen Stunden begehen. <a href=\"https:\/\/www.lagota.ch\/?p=2481\">Continue reading <span class=\"meta-nav\">&rarr;<\/span><\/a><\/p>\n","protected":false},"author":1,"featured_media":0,"comment_status":"closed","ping_status":"open","sticky":false,"template":"","format":"standard","meta":{"footnotes":""},"categories":[13,49,10,242],"tags":[552,160,1163,446,447],"class_list":["post-2481","post","type-post","status-publish","format-standard","hentry","category-antifa","category-antirep","category-aus-aller-welt","category-emanzipation","tag-erdogan","tag-krieg","tag-kurdistan","tag-pkk","tag-turkei"],"_links":{"self":[{"href":"https:\/\/www.lagota.ch\/index.php?rest_route=\/wp\/v2\/posts\/2481","targetHints":{"allow":["GET"]}}],"collection":[{"href":"https:\/\/www.lagota.ch\/index.php?rest_route=\/wp\/v2\/posts"}],"about":[{"href":"https:\/\/www.lagota.ch\/index.php?rest_route=\/wp\/v2\/types\/post"}],"author":[{"embeddable":true,"href":"https:\/\/www.lagota.ch\/index.php?rest_route=\/wp\/v2\/users\/1"}],"replies":[{"embeddable":true,"href":"https:\/\/www.lagota.ch\/index.php?rest_route=%2Fwp%2Fv2%2Fcomments&post=2481"}],"version-history":[{"count":1,"href":"https:\/\/www.lagota.ch\/index.php?rest_route=\/wp\/v2\/posts\/2481\/revisions"}],"predecessor-version":[{"id":2482,"href":"https:\/\/www.lagota.ch\/index.php?rest_route=\/wp\/v2\/posts\/2481\/revisions\/2482"}],"wp:attachment":[{"href":"https:\/\/www.lagota.ch\/index.php?rest_route=%2Fwp%2Fv2%2Fmedia&parent=2481"}],"wp:term":[{"taxonomy":"category","embeddable":true,"href":"https:\/\/www.lagota.ch\/index.php?rest_route=%2Fwp%2Fv2%2Fcategories&post=2481"},{"taxonomy":"post_tag","embeddable":true,"href":"https:\/\/www.lagota.ch\/index.php?rest_route=%2Fwp%2Fv2%2Ftags&post=2481"}],"curies":[{"name":"wp","href":"https:\/\/api.w.org\/{rel}","templated":true}]}}