{"id":2487,"date":"2015-12-31T16:29:56","date_gmt":"2015-12-31T15:29:56","guid":{"rendered":"http:\/\/www.lagota.ch\/?p=2487"},"modified":"2015-12-31T16:30:16","modified_gmt":"2015-12-31T15:30:16","slug":"wef-hat-keine-perspektive-sozialismus-oder-barbarei","status":"publish","type":"post","link":"https:\/\/www.lagota.ch\/?p=2487","title":{"rendered":"WEF hat keine Perspektive: Sozialismus oder Barbarei!"},"content":{"rendered":"<p>Vom 20. bis 23. Januar 2016 findet in Davos wie \u00fcblich das WEF-KapitalistInnentreffen statt. Klaus Schwab &amp; Co. wollen, gem\u00e4ss ihrer Hauptparole, \u00abdie 4. Industrielle Revolution in den Griff kriegen\u00bb. Unter \u00abIndustrie 4.0\u00bb wird die totale Vernetzung von Entwicklungsprozessen, Maschinen, Lagersystemen und Betriebsmittel verstanden. Massenentlassungen f\u00fcr die einen, umfassende Flexibilisierung oder Dequalifizierung von Jobs f\u00fcr die anderen sowie totale \u00dcberwachung f\u00fcr alle werden die Folge sein. Da sind Verharmlosungen, Beschwichtigungen und Integration gefragt, wof\u00fcr Gewerkschaftsbosse ins Boot geholt werden. Sharan Burrow, Generalsekret\u00e4rin des Internationalen Gewerkschaftsbundes, pr\u00e4sentiert sich neben Klaus Schwab als Co-Vorsitzende, um die Frohbotschaften des WEF mit zu verk\u00fcnden: \u00abSchaffung von Millionen von Arbeitspl\u00e4tzen\u00bb, \u00abinklusives Wachstum\u00bb \u00absoziale Integration\u00bb. Oder, wie es an der UNIA-Tagung vom 2. Dezember in Bern hiess: \u00abWir haben es in der Hand, Technik so zu gestalten, dass gute Arbeit m\u00f6glich ist\u00bb [Junge Welt 08.12.2015].<\/p>\n<p><a href=\"https:\/\/www.lagota.ch\/wp-content\/uploads\/WEF16.jpg\"><img loading=\"lazy\" decoding=\"async\" class=\"alignleft  wp-image-2488\" src=\"https:\/\/www.lagota.ch\/wp-content\/uploads\/WEF16-727x1024.jpg\" alt=\"WEF16\" width=\"430\" height=\"605\" srcset=\"https:\/\/www.lagota.ch\/wp-content\/uploads\/WEF16-727x1024.jpg 727w, https:\/\/www.lagota.ch\/wp-content\/uploads\/WEF16-213x300.jpg 213w, https:\/\/www.lagota.ch\/wp-content\/uploads\/WEF16.jpg 1249w\" sizes=\"auto, (max-width: 430px) 100vw, 430px\" \/><\/a>Vor dem Hintergrund imperialistischer Kriege, Fl\u00fcchtlingskrisen und Aushungerungsdiktaten in peripheren EU-Staaten soll die bevorstehende Anti-WEF-Kampagne diesen \u00abWeichsp\u00fclerInnen\u00bb der Widerspr\u00fcche eine Perspektive des Kampfes entgegensetzen.<\/p>\n<p><strong>Material: <\/strong>Internationale Gewerkschaftsbund (ITUC) am WEF: <a href=\"http:\/\/www.aufbau.org\/index.php\/online-zeitung\/2133-ituc\">In der Tradition der Unterwerfung<\/a> <span class=\"st\"><strong>| <\/strong><span class=\"st\">Hintergrundartikel aus dem aufbau 83:<\/span> <a href=\"http:\/\/www.aufbau.org\/index.php\/ausgewaehlte-printartikel\/2137-weltwirtschaftsforum-und-gewerkschaftsbosse-unisono\">Weltwirtschaftsforum und Gewerkschaftsbosse unisono<\/a>\u00a0 <span class=\"st\"><strong>|<\/strong><\/span><br \/>\n<\/span><\/p>\n<p><strong>+++ <a href=\"http:\/\/www.aufbau.org\/index.php\/arbeitskampf-5\/2138-anti-wef-programm\">Detailliertes Programm<\/a> zu den Veranstaltungen am Politwochenende +++<\/strong><\/p>\n<p><strong>15. Januar:<\/strong> Er\u00f6ffnungsveranstaltung des <a href=\"http:\/\/www.aufbau.org\/index.php\/arbeitskampf-5\/2138-anti-wef-programm\">Anti-WEF Politprogramms<\/a>: <strong>EU in der \u00f6konomischen und politischen Krise<\/strong>. 19:00, Volkshaus Z\u00fcrich<\/p>\n<p class=\"Standard\"><strong>16.-17. Januar:<\/strong> WEF-Politwochenende: <strong>Rechtsrutsch, Kriegstendenz, Grenzregime: Die EU in der Krise<\/strong>. Veranstaltungen, Workshops &amp; Diskussionen.<\/p>\n<p class=\"Standard\">F\u00fcr Infos zum Ort sende ein SMS mit \u201eGruppe Start Winterquartier16\u201c an 9292<\/p>\n<p>Quelle: <a href=\"http:\/\/www.aufbau.org\">www.aufbau.org<\/a><\/p>\n","protected":false},"excerpt":{"rendered":"<p>Vom 20. bis 23. Januar 2016 findet in Davos wie \u00fcblich das WEF-KapitalistInnentreffen statt. Klaus Schwab &#038; Co. wollen, gem\u00e4ss ihrer Hauptparole, \u00abdie 4. Industrielle Revolution in den Griff kriegen\u00bb. Unter \u00abIndustrie 4.0\u00bb wird die totale Vernetzung von Entwicklungsprozessen, Maschinen, Lagersystemen und Betriebsmittel verstanden. Massenentlassungen f\u00fcr die einen, umfassende Flexibilisierung oder Dequalifizierung von Jobs f\u00fcr die anderen sowie totale \u00dcberwachung f\u00fcr alle werden die Folge sein.  <a href=\"https:\/\/www.lagota.ch\/?p=2487\">Continue reading <span class=\"meta-nav\">&rarr;<\/span><\/a><\/p>\n","protected":false},"author":1,"featured_media":0,"comment_status":"closed","ping_status":"open","sticky":false,"template":"","format":"standard","meta":{"footnotes":""},"categories":[14,10,16,18,4,19,108],"tags":[862,27,861,863,860],"class_list":["post-2487","post","type-post","status-publish","format-standard","hentry","category-arbeitskampf","category-aus-aller-welt","category-schweiz","category-squat-the-world","category-veranstaltung","category-wef","category-wirtschaftskrise","tag-industrielle-revolution","tag-repression","tag-schwab","tag-uberwachung","tag-wef-2016"],"_links":{"self":[{"href":"https:\/\/www.lagota.ch\/index.php?rest_route=\/wp\/v2\/posts\/2487","targetHints":{"allow":["GET"]}}],"collection":[{"href":"https:\/\/www.lagota.ch\/index.php?rest_route=\/wp\/v2\/posts"}],"about":[{"href":"https:\/\/www.lagota.ch\/index.php?rest_route=\/wp\/v2\/types\/post"}],"author":[{"embeddable":true,"href":"https:\/\/www.lagota.ch\/index.php?rest_route=\/wp\/v2\/users\/1"}],"replies":[{"embeddable":true,"href":"https:\/\/www.lagota.ch\/index.php?rest_route=%2Fwp%2Fv2%2Fcomments&post=2487"}],"version-history":[{"count":2,"href":"https:\/\/www.lagota.ch\/index.php?rest_route=\/wp\/v2\/posts\/2487\/revisions"}],"predecessor-version":[{"id":2490,"href":"https:\/\/www.lagota.ch\/index.php?rest_route=\/wp\/v2\/posts\/2487\/revisions\/2490"}],"wp:attachment":[{"href":"https:\/\/www.lagota.ch\/index.php?rest_route=%2Fwp%2Fv2%2Fmedia&parent=2487"}],"wp:term":[{"taxonomy":"category","embeddable":true,"href":"https:\/\/www.lagota.ch\/index.php?rest_route=%2Fwp%2Fv2%2Fcategories&post=2487"},{"taxonomy":"post_tag","embeddable":true,"href":"https:\/\/www.lagota.ch\/index.php?rest_route=%2Fwp%2Fv2%2Ftags&post=2487"}],"curies":[{"name":"wp","href":"https:\/\/api.w.org\/{rel}","templated":true}]}}