{"id":2496,"date":"2016-01-25T10:24:55","date_gmt":"2016-01-25T09:24:55","guid":{"rendered":"http:\/\/www.lagota.ch\/?p=2496"},"modified":"2016-01-25T10:24:55","modified_gmt":"2016-01-25T09:24:55","slug":"communique-zur-anti-wef-demo-in-zug","status":"publish","type":"post","link":"https:\/\/www.lagota.ch\/?p=2496","title":{"rendered":"Communiqu\u00e9 zur Anti-WEF Demo in Zug"},"content":{"rendered":"<p><span class=\"articletext\"><strong><span class=\"articledesc\">Heute riefen wir zur Anti-WEF Demonstration in Zug auf. Dem Widerstand gegen das WEF wollten sich auf Zugs Strassen mehrere hundert Personen anschliessen.<br \/>\nJedoch f\u00fchrte ein riesiges Polizeiaufgebot zu massiven Beeintr\u00e4chtigungen der Meinungs- und Bewegungsfreiheit. Anreisende Demoteilnehmende wurden bereits vor Zug abgefangen, kontrolliert und ohne ersichliche Gr\u00fcnde mit einem kantonalen Rayonverbot des Kantons verwiesen, so dass es zahlreichen Personen erst gar nicht m\u00f6glich war nach Zug zu reisen<\/span><\/strong><\/p>\n<p><a href=\"https:\/\/www.lagota.ch\/wp-content\/uploads\/davos1.jpg\"><img loading=\"lazy\" decoding=\"async\" class=\"alignleft size-full wp-image-2497\" src=\"https:\/\/www.lagota.ch\/wp-content\/uploads\/davos1.jpg\" alt=\"davos\" width=\"640\" height=\"377\" srcset=\"https:\/\/www.lagota.ch\/wp-content\/uploads\/davos1.jpg 640w, https:\/\/www.lagota.ch\/wp-content\/uploads\/davos1-300x176.jpg 300w\" sizes=\"auto, (max-width: 640px) 100vw, 640px\" \/><\/a>Zudem pr\u00e4sentierte sich die Polizei in Zug martialisch und machte klar, dass eine Demonstration nahezu unm\u00f6glich gemacht werden soll.<br \/>\nWir entschieden uns dazu unseren Widerstand trotz Repression und herumlungernden Rechtsradikalen auf die Strasse zu tragen. Kurz nach 15 Uhr formierte sich die Anti-WEF Demo unter dem Motto: \u201eZug um Zug zur sozialen Revolution\u201c. Mit einer Rede auf dem Bundesplatz begann die Demo und lief einige Meter, bevor sie von den Robocops gestoppt wurde. Bald darauf war der noch kaum gestartete Demozug von Gitterwagen, Wasserwerfer und Polizeireihen umzingelt. So machten wir durch Parolen auf uns aufmerksam bevor wir die Demo selbstbestimmt auf\u00f6sten. Die Polizei hat zu keinem Zeitpunkt eine Aufl\u00f6sung der Demo gefordert. Trotz der Aufl\u00f6sung der Demo r\u00fcckten die Polizist*innen nicht ab und alle Anwesenden -interessierte Passant*inen, wie auch Demoteilnehmende- wurden einer Polizeikontrolle unterzogen. Mehrere Personen wurden im Vorfeld und auch aus dem Kessel heraus verhaftet und unkonventionell in einer Zivilschutzanlage festgehalten.<br \/>\nRund um den Polizeikessel sichteten wir rund 40 gewaltbereite Rechtsradikale, die herumposierten, sich aufspielten und versuchten, einzelne Demoteilnehmende nach der Polizeikontrolle anzugreifen und einzusch\u00fcchtern. Zug scheint nicht nur ein Problem mit Grosskonzernen und Steuerfl\u00fcchtlingen zu haben, sondern auch mit einer gef\u00e4hrlich grossen Anzahl junger, gewaltbereiter Rechtsradikaler, die teilweise aus dem EVZ-Hools Umfeld stammen.<\/p>\n<p>Trotz all dieser Ereignisse konnten wir dem Widerstand gegen das WEF Geh\u00f6r verschaffen. Das WEF ist nicht das Problem, sondern das kapitalistische System, welches ein Treffen wie das WEF f\u00fcr die Herrschenden \u00fcberhaubt erst n\u00f6tig macht. Das Problem ist nicht \u00f6rtlich begrenzt sondern global. Eine kapitalistische Weltwirtschaft, die auf Profitmaximierung statt auf Bed\u00fcrfnisbefriedigung basiert muss langsam aber sicher zur Vergangenheit werden.<\/p>\n<p>Ob WEF oder Alltag \u2013 Widerstand ist angesagt!<\/p>\n<p>Quelle: <a href=\"http:\/\/ch.indymedia.org\/de\/2016\/01\/96645.shtml\">http:\/\/ch.indymedia.org\/de\/2016\/01\/96645.shtml<\/a><br \/>\n<\/span><\/p>\n","protected":false},"excerpt":{"rendered":"<p>Heute riefen wir zur Anti-WEF Demonstration in Zug auf. Dem Widerstand gegen das WEF wollten sich auf Zugs Strassen mehrere hundert Personen anschliessen.<br \/>\nJedoch f\u00fchrte ein riesiges Polizeiaufgebot zu massiven Beeintr\u00e4chtigungen der Meinungs- und Bewegungsfreiheit. Anreisende Demoteilnehmende wurden bereits vor Zug abgefangen, kontrolliert und ohne ersichliche Gr\u00fcnde mit einem kantonalen Rayonverbot des Kantons verwiesen, so dass es zahlreichen Personen erst gar nicht m\u00f6glich war nach Zug zu reisen <a href=\"https:\/\/www.lagota.ch\/?p=2496\">Continue reading <span class=\"meta-nav\">&rarr;<\/span><\/a><\/p>\n","protected":false},"author":1,"featured_media":0,"comment_status":"closed","ping_status":"open","sticky":false,"template":"","format":"standard","meta":{"footnotes":""},"categories":[16,18,19,108],"tags":[220,173,27],"class_list":["post-2496","post","type-post","status-publish","format-standard","hentry","category-schweiz","category-squat-the-world","category-wef","category-wirtschaftskrise","tag-anti-wef","tag-neonazis","tag-repression"],"_links":{"self":[{"href":"https:\/\/www.lagota.ch\/index.php?rest_route=\/wp\/v2\/posts\/2496","targetHints":{"allow":["GET"]}}],"collection":[{"href":"https:\/\/www.lagota.ch\/index.php?rest_route=\/wp\/v2\/posts"}],"about":[{"href":"https:\/\/www.lagota.ch\/index.php?rest_route=\/wp\/v2\/types\/post"}],"author":[{"embeddable":true,"href":"https:\/\/www.lagota.ch\/index.php?rest_route=\/wp\/v2\/users\/1"}],"replies":[{"embeddable":true,"href":"https:\/\/www.lagota.ch\/index.php?rest_route=%2Fwp%2Fv2%2Fcomments&post=2496"}],"version-history":[{"count":1,"href":"https:\/\/www.lagota.ch\/index.php?rest_route=\/wp\/v2\/posts\/2496\/revisions"}],"predecessor-version":[{"id":2498,"href":"https:\/\/www.lagota.ch\/index.php?rest_route=\/wp\/v2\/posts\/2496\/revisions\/2498"}],"wp:attachment":[{"href":"https:\/\/www.lagota.ch\/index.php?rest_route=%2Fwp%2Fv2%2Fmedia&parent=2496"}],"wp:term":[{"taxonomy":"category","embeddable":true,"href":"https:\/\/www.lagota.ch\/index.php?rest_route=%2Fwp%2Fv2%2Fcategories&post=2496"},{"taxonomy":"post_tag","embeddable":true,"href":"https:\/\/www.lagota.ch\/index.php?rest_route=%2Fwp%2Fv2%2Ftags&post=2496"}],"curies":[{"name":"wp","href":"https:\/\/api.w.org\/{rel}","templated":true}]}}