{"id":2500,"date":"2016-02-04T13:54:15","date_gmt":"2016-02-04T12:54:15","guid":{"rendered":"http:\/\/www.lagota.ch\/?p=2500"},"modified":"2016-02-04T13:54:15","modified_gmt":"2016-02-04T12:54:15","slug":"stoppt-den-krieg-gegen-die-kurdische-bevolkerung-zweite-demo-in-bern","status":"publish","type":"post","link":"https:\/\/www.lagota.ch\/?p=2500","title":{"rendered":"Stoppt den Krieg gegen die kurdische Bev\u00f6lkerung! Zweite Demo in Bern!"},"content":{"rendered":"<div class=\"entry-content\">\n<p><strong>\u00dcber 400 Menschen gingen am 9.Januar in Bern auf die Strasse, um auf das Blutbad in den kurdischen Gebieten aufmerksam zu machen. Die Situation vor Ort hat sich in den letzten Wochen weiterhin verschlimmert. Deswegen rufen wir f\u00fcr Samstag den 06.02 zu einer erneuten Demo gegen das Massaker in der T\u00fcrkei auf. Wir treffen uns um 14 Uhr beim Bahnhofplatz und wollen ein starkes Zeichen der Solidarit\u00e4t setzen.<\/strong><\/p>\n<p><a href=\"https:\/\/www.lagota.ch\/wp-content\/uploads\/demobernkurdistan.jpg\"><img loading=\"lazy\" decoding=\"async\" class=\"alignleft size-full wp-image-2501\" src=\"https:\/\/www.lagota.ch\/wp-content\/uploads\/demobernkurdistan.jpg\" alt=\"demobernkurdistan\" width=\"453\" height=\"640\" srcset=\"https:\/\/www.lagota.ch\/wp-content\/uploads\/demobernkurdistan.jpg 453w, https:\/\/www.lagota.ch\/wp-content\/uploads\/demobernkurdistan-212x300.jpg 212w\" sizes=\"auto, (max-width: 453px) 100vw, 453px\" \/><\/a><br \/>\n<strong>Stoppt das Massaker in der T\u00fcrkei<\/strong><br \/>\nSeit Wochen geht ein breites Aufgebot von Sicherheitskr\u00e4ften, Panzern und Kampfhubschraubern gegen die kurdische Zivilbev\u00f6lkerung vor. Mittlerweile f\u00fchrt der t\u00fcrkische Staat einen offenen Krieg gegen\u00fcber den 1.5 Millionen Kurden. \u00dcber 100.000 Menschen mussten aus den umk\u00e4mpften Gebieten fl\u00fcchten, weil das Milit\u00e4r ihre H\u00e4user und Wohnungen beschossen und zerst\u00f6rt hat. Wer sich den Anordnungen der Sicherheitskr\u00e4fte widersetzt, wird geschlagen, gefoltert oder gar erschossen. Hunderte Menschen wurden in den vergangen zwei Monaten regelrecht hingerichtet und Tote m\u00fcssen in K\u00fchltruhen aufbewahrt werden. Zudem wurden die meisten Kommunikationskan\u00e4le gekappt und Journalisten werden weg gewiesen, beschossen und zum Teil verhaftet, damit sie nicht \u00fcber die Ausgangssperren berichten. In einige St\u00e4dte lassen sich seit Tagen keine Kontakte mehr herstellen und es ist ungewiss was mit den Menschen passiert ist. Der Bev\u00f6lkerung fehlt es an Grundlegendem wie Lebensmitteln &amp; sauberem Wasser, zudem werden systematisch Stromleitungen vom Milit\u00e4r gekappt, damit beispielsweise die Heizungen nicht mehr funktionieren. Zahlreiche Verletzte Personen m\u00fcssen in Kellern ausharren (aktuell in Cizre) weil ihnen der Zugang zu einem Arzt oder ins Spital verweigert wird. Versuche verletzte Personen aus den umk\u00e4mpften Gebieten herauszubringen werden sofort mit Beschuss beantwortet und sind deshalb lebensgef\u00e4hrlich. Auch das Schwenken der weissen Fahnen wird von den Scharfsch\u00fctzen nicht beachtet.<br \/>\n<strong>Das Schweigen des Westens<\/strong><br \/>\nIn den westlichen Medien wird \u00fcber das Massaker in der T\u00fcrkei kaum berichtet. Nur ganz selten gibt es Beitr\u00e4ge, die lediglich einseitig die Propaganda des t\u00fcrkischen Staates wiedergeben. So ist immer wieder vom \u201eKrieg gegen den Terror\u201c zu h\u00f6ren, welches in der Realit\u00e4t ein Krieg gegen die Zivilbev\u00f6lkerung ist. Das AKP-Regime nutzt die Tatsache, dass sie einen wichtigen wirtschaftlichen und milit\u00e4rischen Nutzen f\u00fcr Europa hat, aus und spielt mit der Regulierung der Fl\u00fcchtlingsstr\u00f6me in das europ\u00e4ische Festland. Damit die T\u00fcrkei repressiv gegen Gefl\u00fcchtete vorgehen kann, verlangte sie von der EU 3 Milliarden Euro, mittlerweile fordert sie sogar 5 Milliarden. Des Weiteren ist die T\u00fcrkei ein wichtiger Umschlagsplatz f\u00fcr Erd\u00f6l und Gas aus dem nahen Osten. Durch Unterh\u00e4ndler gelangen \u00d6l-Lieferungen aus Daesh-Gebieten in die T\u00fcrkei und werden nach Europa exportiert. Die Schweiz spielt bei diesen \u00d6l-Gesch\u00e4ften eine zentrale Rolle, da \u00fcber ein Drittel (!) des globalen \u00d6lhandels \u00fcber schweizer Firmen abgewickelt werden.<br \/>\n<strong>Stoppt das Massaker an der kurdischen Bev\u00f6lkerung!<\/strong><br \/>\n<strong> Autonomie f\u00fcr die kurdische Bev\u00f6lkerung!<\/strong><br \/>\n<strong> Stoppt den Krieg des Terrorstaates T\u00fcrkei!<\/strong><br \/>\n<strong> Wir sehen uns: Samstag; 06. Februar 2016 um 14Uhr beim Bahnhofplatz in Bern<\/strong><\/p>\n<\/div>\n","protected":false},"excerpt":{"rendered":"<p>\u00dcber 400 Menschen gingen am 9.Januar in Bern auf die Strasse, um auf das Blutbad in den kurdischen Gebieten aufmerksam zu machen. Die Situation vor Ort hat sich in den letzten Wochen weiterhin verschlimmert. Deswegen rufen wir f\u00fcr Samstag den 06.02 zu einer erneuten Demo gegen das Massaker in der T\u00fcrkei auf. Wir treffen uns um 14 Uhr beim Bahnhofplatz und wollen ein starkes Zeichen der Solidarit\u00e4t setzen. <a href=\"https:\/\/www.lagota.ch\/?p=2500\">Continue reading <span class=\"meta-nav\">&rarr;<\/span><\/a><\/p>\n","protected":false},"author":1,"featured_media":0,"comment_status":"closed","ping_status":"open","sticky":false,"template":"","format":"standard","meta":{"footnotes":""},"categories":[14,10,6,16,4,108],"tags":[769,102,66,1163,864],"class_list":["post-2500","post","type-post","status-publish","format-standard","hentry","category-arbeitskampf","category-aus-aller-welt","category-news","category-schweiz","category-veranstaltung","category-wirtschaftskrise","tag-autonomie","tag-bern","tag-demo","tag-kurdistan","tag-terrorstaat-turkei"],"_links":{"self":[{"href":"https:\/\/www.lagota.ch\/index.php?rest_route=\/wp\/v2\/posts\/2500","targetHints":{"allow":["GET"]}}],"collection":[{"href":"https:\/\/www.lagota.ch\/index.php?rest_route=\/wp\/v2\/posts"}],"about":[{"href":"https:\/\/www.lagota.ch\/index.php?rest_route=\/wp\/v2\/types\/post"}],"author":[{"embeddable":true,"href":"https:\/\/www.lagota.ch\/index.php?rest_route=\/wp\/v2\/users\/1"}],"replies":[{"embeddable":true,"href":"https:\/\/www.lagota.ch\/index.php?rest_route=%2Fwp%2Fv2%2Fcomments&post=2500"}],"version-history":[{"count":1,"href":"https:\/\/www.lagota.ch\/index.php?rest_route=\/wp\/v2\/posts\/2500\/revisions"}],"predecessor-version":[{"id":2502,"href":"https:\/\/www.lagota.ch\/index.php?rest_route=\/wp\/v2\/posts\/2500\/revisions\/2502"}],"wp:attachment":[{"href":"https:\/\/www.lagota.ch\/index.php?rest_route=%2Fwp%2Fv2%2Fmedia&parent=2500"}],"wp:term":[{"taxonomy":"category","embeddable":true,"href":"https:\/\/www.lagota.ch\/index.php?rest_route=%2Fwp%2Fv2%2Fcategories&post=2500"},{"taxonomy":"post_tag","embeddable":true,"href":"https:\/\/www.lagota.ch\/index.php?rest_route=%2Fwp%2Fv2%2Ftags&post=2500"}],"curies":[{"name":"wp","href":"https:\/\/api.w.org\/{rel}","templated":true}]}}