{"id":2503,"date":"2016-02-07T12:48:36","date_gmt":"2016-02-07T11:48:36","guid":{"rendered":"http:\/\/www.lagota.ch\/?p=2503"},"modified":"2016-02-07T12:48:36","modified_gmt":"2016-02-07T11:48:36","slug":"offener-brief-an-die-regierung-des-kantons-luzern","status":"publish","type":"post","link":"https:\/\/www.lagota.ch\/?p=2503","title":{"rendered":"Offener Brief an die Regierung des Kantons Luzern"},"content":{"rendered":"<p><span id=\"fbPhotoSnowliftCaption\" class=\"fbPhotosPhotoCaption\" tabindex=\"0\" data-ft=\"{&quot;tn&quot;:&quot;K&quot;}\"><span class=\"hasCaption\">Sehr geehrte Mitglieder der Regierung <\/span><\/span><\/p>\n<p><span id=\"fbPhotoSnowliftCaption\" class=\"fbPhotosPhotoCaption\" tabindex=\"0\" data-ft=\"{&quot;tn&quot;:&quot;K&quot;}\"><span class=\"hasCaption\"><span class=\"text_exposed_show\"><br \/>\nWir fu\u0308hlen uns gekr\u00e4nkt durch Ihre Aktionen der letzten Wochen. Im Rahmen einer Aufkl\u00e4rungskampagne wollen Sie \u00absexuelle \u00dcbergriffe thematisieren und u\u0308ber den korrekten Umgang mit Frauen und M\u00e4dchen aufkl\u00e4ren\u00bb. Wir sind Menschen mit viel Respekt vor Frauen und M\u00e4nnern. In diesem Brief legen wir Ihnen unsere Sicht dar, in der Hoffnung, dass wir wieder auf Augenh\u00f6he den Menschen in der Schweiz begegnen k\u00f6nnen.<\/p>\n<p>\u00b7 Sexuelle \u00dcbergriffe sind im ganzen Nahen Osten und in den meisten unserer Herkunftsl\u00e4nder ein Verbrechen. Sexuelle \u00dcbergriffe sind keine Frage der Herkunft, sondern eine Frage des fehlenden Anstandes. \u00dcbergriffe gibt es von Flu\u0308chtlingen, genauso wie von Europ\u00e4ern auch. Wir haben aber den Eindruck, dass Ihr die Situation nach Silvester missbraucht, um uns als Su\u0308ndenb\u00f6cke fu\u0308r andere Probleme hinzustellen.<\/p>\n<p>\u00b7 Wir sind gerne bereit, eine Diskussion u\u0308ber den Umgang zwischen Frauen und M\u00e4nnern zu fu\u0308hren, denn wir sind auch interessiert an einem guten Umgang zwischen den Geschlechtern. Diese Diskussion wollen wir aber auf eine respektvolle Art mit Ihnen fu\u0308hren. Sie aber haben uns als Wilde hingestellt, die aufgekl\u00e4rt werden mu\u0308ssen. Damit giesst die Regierung zus\u00e4tzlich \u00d6l ins Feuer und provoziert uns gegenu\u0308ber Rassismus.<\/p>\n<p>\u2219 Ja, wir wollen uns sehr gerne in das lokale Leben integrieren und die lokalen Menschen und Werte kennenlernen. Aber viele von uns sind u\u0308ber Monate in Bunkern untergebracht und es f\u00e4llt uns tats\u00e4chlich schwer, in Kontakt zu kommen und einen Zugang zu finden. Wenn wir die M\u00f6glichkeit haben, uns hier zu integrieren, nehmen wir dies sehr gerne wahr. Wir sind sehr gerne Teil der Zukunft dieser Region und helfen gerne mit bei den Herausforderungen der n\u00e4chsten Jahre. Wir bitten Euch, uns dabei keine Steine in den Weg zu legen, sondern unsere Hand zu nehmen. Wir bieten sie Euch an.<\/p>\n<p>DANKE fu\u0308r Ihr Verst\u00e4ndnis,<br \/>\nFlu\u0308chtlinge im Kanton Luzern<\/p>\n<p><a href=\"https:\/\/www.lagota.ch\/wp-content\/uploads\/BriefanRegierung.jpg\"><img loading=\"lazy\" decoding=\"async\" class=\"alignleft size-large wp-image-2504\" src=\"https:\/\/www.lagota.ch\/wp-content\/uploads\/BriefanRegierung-706x1024.jpg\" alt=\"BriefanRegierung\" width=\"706\" height=\"1024\" srcset=\"https:\/\/www.lagota.ch\/wp-content\/uploads\/BriefanRegierung-706x1024.jpg 706w, https:\/\/www.lagota.ch\/wp-content\/uploads\/BriefanRegierung-206x300.jpg 206w, https:\/\/www.lagota.ch\/wp-content\/uploads\/BriefanRegierung.jpg 1412w\" sizes=\"auto, (max-width: 706px) 100vw, 706px\" \/><\/a><br \/>\n<\/span><\/span><\/span><\/p>\n","protected":false},"excerpt":{"rendered":"<p>Sehr geehrte Mitglieder der Regierung<\/p>\n<p>Wir fu\u0308hlen uns gekr\u00e4nkt durch Ihre Aktionen der letzten Wochen. Im Rahmen einer Aufkl\u00e4rungskampagne wollen Sie \u00absexuelle \u00dcbergriffe thematisieren und u\u0308ber den korrekten Umgang mit Frauen und M\u00e4dchen aufkl\u00e4ren\u00bb. Wir sind Menschen mit viel Respekt vor Frauen und M\u00e4nnern. In diesem Brief legen wir Ihnen unsere Sicht dar, in der Hoffnung, dass wir wieder auf Augenh\u00f6he den Menschen in der Schweiz begegnen k\u00f6nnen. <a href=\"https:\/\/www.lagota.ch\/?p=2503\">Continue reading <span class=\"meta-nav\">&rarr;<\/span><\/a><\/p>\n","protected":false},"author":1,"featured_media":0,"comment_status":"closed","ping_status":"open","sticky":false,"template":"","format":"standard","meta":{"footnotes":""},"categories":[328,11,406,16],"tags":[1148,103,865],"class_list":["post-2503","post","type-post","status-publish","format-standard","hentry","category-antira","category-luzern","category-migration","category-schweiz","tag-luzern","tag-rassismus","tag-regierungsrat"],"_links":{"self":[{"href":"https:\/\/www.lagota.ch\/index.php?rest_route=\/wp\/v2\/posts\/2503","targetHints":{"allow":["GET"]}}],"collection":[{"href":"https:\/\/www.lagota.ch\/index.php?rest_route=\/wp\/v2\/posts"}],"about":[{"href":"https:\/\/www.lagota.ch\/index.php?rest_route=\/wp\/v2\/types\/post"}],"author":[{"embeddable":true,"href":"https:\/\/www.lagota.ch\/index.php?rest_route=\/wp\/v2\/users\/1"}],"replies":[{"embeddable":true,"href":"https:\/\/www.lagota.ch\/index.php?rest_route=%2Fwp%2Fv2%2Fcomments&post=2503"}],"version-history":[{"count":1,"href":"https:\/\/www.lagota.ch\/index.php?rest_route=\/wp\/v2\/posts\/2503\/revisions"}],"predecessor-version":[{"id":2505,"href":"https:\/\/www.lagota.ch\/index.php?rest_route=\/wp\/v2\/posts\/2503\/revisions\/2505"}],"wp:attachment":[{"href":"https:\/\/www.lagota.ch\/index.php?rest_route=%2Fwp%2Fv2%2Fmedia&parent=2503"}],"wp:term":[{"taxonomy":"category","embeddable":true,"href":"https:\/\/www.lagota.ch\/index.php?rest_route=%2Fwp%2Fv2%2Fcategories&post=2503"},{"taxonomy":"post_tag","embeddable":true,"href":"https:\/\/www.lagota.ch\/index.php?rest_route=%2Fwp%2Fv2%2Ftags&post=2503"}],"curies":[{"name":"wp","href":"https:\/\/api.w.org\/{rel}","templated":true}]}}