{"id":2514,"date":"2016-02-22T09:44:29","date_gmt":"2016-02-22T08:44:29","guid":{"rendered":"http:\/\/www.lagota.ch\/?p=2514"},"modified":"2016-02-22T09:44:29","modified_gmt":"2016-02-22T08:44:29","slug":"rechtsextreme-versammeln-sich-ungestort-auf-dem-rutli","status":"publish","type":"post","link":"https:\/\/www.lagota.ch\/?p=2514","title":{"rendered":"Rechtsextreme versammeln sich ungest\u00f6rt auf dem R\u00fctli"},"content":{"rendered":"<p><strong>Am Samstagmittag besammelten sich ca. 100 Rechtsextreme bei der Schiffl\u00e4nde in Brunnen.<\/strong><\/p>\n<p>Einige von ihnen waren mit dem Auto angereist, viele benutzten aber auch den Zug. Unter den verst\u00e4ndnislosen Blicken der Bev\u00f6lkerung von Brunnen bestiegen die Nazis das Schiff Richtung R\u00fctli um 12:11 Uhr. Was sie auf dem R\u00fctli machten ist unklar. Laut Angaben in der mittlerweile gel\u00f6schten Facebook-Veranstaltung wollten sie auf dem R\u00fctli den R\u00fctlirapport erneut abhalten und sich gegen den \u00abEurofaschismus\u00bb organisieren. Bei schlechtem und kaltem Wetter traten die Rechtsextremen bereits nach kurzer Zeit die R\u00fcckreise wieder an. In Brunnen teilten sie sich auf. Die meisten Autos waren auf dem Gemeindeparkplatz in Brunnen parkiert. Die Anderen NeoNazis bestiegen den Zug in Richtung Schwyz und Arth Goldau.<\/p>\n<p><strong>Polizei auf dem rechen Auge blind<\/strong><br \/>\nSeit Jahren versammelt sich die Rechtsextreme Szene in Brunnen um danach gemeinsam auf das R\u00fctli zu gehen. Auch dieses Mal schritt die Kantonspolizei Schwyz nicht ein obwohl diese vom Anlass wusste und mit einem Aufgebot im Einsatz stand. So waren neben Streifenwagen auch Zivilpolizisten und die Seepolizei Schwyz vor Ort. Die Kantonspolizei versucht jedoch den Vorfall lieber zu vertuschen anstatt den illegalen Aufm\u00e4rschen der Rechtsextremen endlich Einhalt zu gebieten. Zu den Vorkommnissen am Samstag ver\u00f6ffentlicht sie nicht einmal eine Medienmitteilung.<\/p>\n<p><strong>Unf\u00e4hige SGG<\/strong><br \/>\nAuch die Schweizerische Gemeinn\u00fctzige Gesellschaft (SGG), welche Eigent\u00fcmerin des R\u00fctlis ist, unternimmt seit Jahren nichts gegen die regelm\u00e4ssigen Aufm\u00e4rsche des braunen Mobs obwohl dieser gegen mehrere Punkte der Benutzungsordnung verst\u00f6sst. In dieser steht zum Beispiel:<\/p>\n<p>&#8211; Besuchergruppen ab 50 Personen brauchen eine Bewilligung durch die SGG<br \/>\n&#8211; Aktivit\u00e4ten die sich gegen bestimmte Menschen und Gruppierungen in der Schweiz richten sind nicht erlaubt.<\/p>\n<p>Ausserdem schreibt die SGG: \u00abDas R\u00fctli darf nicht f\u00fcr Ziele genutzt werden, welche die Grundwerte der Eidgenossenschaft in Frage stellen. Zu diesen Werten geh\u00f6ren insbesondere die Toleranz und die Bereitschaft, im Interesse des Gemeinwohls mit Andersdenkenden konstruktiv zusammenzuarbeiten.\u00bb<\/p>\n<p><strong>Widerstand ist n\u00f6tig<\/strong><br \/>\nAus den oben aufgez\u00e4hlten Gr\u00fcnden erachten wir es als unerl\u00e4sslich wieder Protestaktionen in Brunnen zu planen. Die Rechtsextremen d\u00fcrfen sich nicht weiter ungest\u00f6rt auf dem R\u00fctli treffen.<\/p>\n<p>21.02.2016 Lagota<\/p>\n","protected":false},"excerpt":{"rendered":"<p>Am Samstagmittag besammelten sich ca. 100 Rechtsextreme bei der Schiffl\u00e4nde in Brunnen. <a href=\"https:\/\/www.lagota.ch\/?p=2514\">Continue reading <span class=\"meta-nav\">&rarr;<\/span><\/a><\/p>\n","protected":false},"author":1,"featured_media":0,"comment_status":"closed","ping_status":"open","sticky":false,"template":"","format":"standard","meta":{"footnotes":""},"categories":[13,328,3,11,6],"tags":[867,173,178,356,367,68],"class_list":["post-2514","post","type-post","status-publish","format-standard","hentry","category-antifa","category-antira","category-lagota","category-luzern","category-news","tag-brunnen","tag-neonazis","tag-rechtsextreme","tag-rutli","tag-sgg","tag-widerstand"],"_links":{"self":[{"href":"https:\/\/www.lagota.ch\/index.php?rest_route=\/wp\/v2\/posts\/2514","targetHints":{"allow":["GET"]}}],"collection":[{"href":"https:\/\/www.lagota.ch\/index.php?rest_route=\/wp\/v2\/posts"}],"about":[{"href":"https:\/\/www.lagota.ch\/index.php?rest_route=\/wp\/v2\/types\/post"}],"author":[{"embeddable":true,"href":"https:\/\/www.lagota.ch\/index.php?rest_route=\/wp\/v2\/users\/1"}],"replies":[{"embeddable":true,"href":"https:\/\/www.lagota.ch\/index.php?rest_route=%2Fwp%2Fv2%2Fcomments&post=2514"}],"version-history":[{"count":1,"href":"https:\/\/www.lagota.ch\/index.php?rest_route=\/wp\/v2\/posts\/2514\/revisions"}],"predecessor-version":[{"id":2515,"href":"https:\/\/www.lagota.ch\/index.php?rest_route=\/wp\/v2\/posts\/2514\/revisions\/2515"}],"wp:attachment":[{"href":"https:\/\/www.lagota.ch\/index.php?rest_route=%2Fwp%2Fv2%2Fmedia&parent=2514"}],"wp:term":[{"taxonomy":"category","embeddable":true,"href":"https:\/\/www.lagota.ch\/index.php?rest_route=%2Fwp%2Fv2%2Fcategories&post=2514"},{"taxonomy":"post_tag","embeddable":true,"href":"https:\/\/www.lagota.ch\/index.php?rest_route=%2Fwp%2Fv2%2Ftags&post=2514"}],"curies":[{"name":"wp","href":"https:\/\/api.w.org\/{rel}","templated":true}]}}