{"id":2528,"date":"2016-03-18T18:38:52","date_gmt":"2016-03-18T17:38:52","guid":{"rendered":"http:\/\/www.lagota.ch\/?p=2528"},"modified":"2016-03-18T18:39:44","modified_gmt":"2016-03-18T17:39:44","slug":"demo-18-3-luzern-no-bunker-gegen-die-unterirdische-unterbringung-von-asylsuchenden","status":"publish","type":"post","link":"https:\/\/www.lagota.ch\/?p=2528","title":{"rendered":"Demo 19.3 Luzern: NO BUNKER \u2013 gegen die unterirdische unterbringung von asylsuchenden"},"content":{"rendered":"<p><span class=\"_fbReactionComponent__eventDetailsContent fsl\"><a href=\"https:\/\/www.lagota.ch\/wp-content\/uploads\/12771574_950028058437681_1333016409507511734_o.jpg\"><img loading=\"lazy\" decoding=\"async\" class=\"alignleft size-full wp-image-2529\" src=\"https:\/\/www.lagota.ch\/wp-content\/uploads\/12771574_950028058437681_1333016409507511734_o.jpg\" alt=\"12771574_950028058437681_1333016409507511734_o\" width=\"707\" height=\"961\" srcset=\"https:\/\/www.lagota.ch\/wp-content\/uploads\/12771574_950028058437681_1333016409507511734_o.jpg 707w, https:\/\/www.lagota.ch\/wp-content\/uploads\/12771574_950028058437681_1333016409507511734_o-220x300.jpg 220w\" sizes=\"auto, (max-width: 707px) 100vw, 707px\" \/><\/a>Demonstration against the placement of asylumseekers in underground bunkers.<\/span><\/p>\n<p>\u062e\u06c6\u067e\u06cc\u0634\u0627\u0646\u062f\u0627\u0646 \u062f\u0698 \u0628\u0647 \u062c\u06ce\u06af\u06cc\u0631\u0643\u0631\u062f\u0646\u06cc \u067e\u0647\u0646\u0627\u0628\u0647\u0631\u0627\u0646 \u0644\u0647 \u0698\u06ce\u0631\u0632\u0647\u0645\u06cc\u0646\u0647\u0643\u0627\u0646\u062f\u0627<\/p>\n<p>Manifestation contre le placement des reque\u0301rant-e-s d\u2019asile dans des bunkers sous terre.<\/p>\n<p>\u1230\u120b\u121b\u12ca \u1230\u120d\u134a \u12a3\u1295\u133b\u122d \u121d\u1255\u121b\u1325 \u1213\u1270\u1272 \u12d1\u1255\u1263 \u12a3\u1265 \u1218\u1215\u1265\u12a2 \u1263\u12d3\u1272<\/p>\n<p>\u0645\u0638\u0627\u0647\u0631\u0629\u0636\u062f\u0655\u0627\u0633\u0643\u0627\u0646\u0627\u0627\u0644\u062c\u0654\u064a\u0646\u064a\u064a\u0641 \u0627\u0645\u0644\u062e\u0627\u0628\u0654\u064a<br \/>\n\u0627\u0639\u0631\u062a\u0627\u0636 \u0628\u0647 \u0627\u0633\u06a9\u0627\u0646 \u067e\u0646\u0627\u0647\u0646\u062f\u06af\u0627\u0646 \u062f\u0631 \u0645\u062e\u0641\u06cc\u06af\u0627\u0647\u0647\u0627<\/p>\n<p>MUSIK | OFFENES MIKROFON und REDEN | INFOS und DISKUSSION | ESSEN und GETR\u00c4NKE<\/p>\n<p>&#8230;&#8230;&#8230;&#8230;&#8230;&#8230;&#8230;&#8230;..<wbr \/>&#8230;&#8230;&#8230;..<br \/>\n-&gt; um 14 uhr gibt es einen bus f\u00fcr alle nach z\u00fcrich an die grosse demo<br \/>\n\u00b0\u00b0\u00b0\u00b0\u00b0\u00b0\u00b0\u00b0\u00b0\u00b0\u00b0\u00b0\u00b0\u00b0\u00b0\u00b0\u00b0\u00b0\u00b0\u00b0\u00b0\u00b0\u00b0\u00b0\u00b0\u00b0<\/p>\n<p>Im Kanton Luzern werden zunehmend Menschen in unterirdischen Anlagen ohne Tageslicht und Privatsph\u00e4re untergebracht. Was noch vor drei Jahren als vor\u00fcbergehende Massnahme deklariert wurde, ist heute dunkle Normalit\u00e4t.<\/p>\n<p>&#8211; Als im April 2012 die ersten Menschen in der Zivilschutzanlage Eichhof unterirdisch platziert wurden, sagte die Regierung, &#8220;dass eine unterirdische Anlage nicht optimal ist&#8221;. Mittlerweile ist die Unterbringung im Bunker zum Standard geworden. So leben heute im Kanton Luzern \u00fcber 500 Menschen in insgesamt sechs unterirdischen Anlagen. Das Leben ohne Tageslicht, auf engem Raum macht auf Dauer krank und ist in einer derart reichen Gesellschaft ein Hohn.<br \/>\n&#8211; Menschen werden durch diese Art der Unterbringung bewusst von der Gesellschaft abgekapselt. In der Geschichte der Menschheit wurden Menschen in Lagern platziert, um sie aus der Gesellschaft auszuschliessen. Dies geschah stets dann, wenn eine Gruppe von Menschen als S\u00fcndenb\u00f6cke herhalten mussten. Wenn aber Asylsuchende ausgeschlossen werden, ist eine Integration noch schwieriger. Gleichzeitig wird des Asylsuchenden fehlende Integration vorgeworfen.<br \/>\n&#8211; Dass diese Ausgrenzung unter die Erde nicht n\u00f6tig ist, zeigte sich bereits vor 20 Jahren. Auch damals kamen gleich viele Asylsuchende in die Schweiz und es waren keine unterirdischen Unterbringungen notwendig.<br \/>\nIm Unterschied zu damals hat sich aber der Reichtum der Schweiz massiv vergr\u00f6ssert und noch immer gibt es leerstehenden Wohnraum. Dass Menschen unterirdisch platziert werden, ist also keine Frage der Notwendigkeit, sondern des politischen Willens.<\/p>\n<p>Die &#8220;Aus den Augen aus dem Sinn &#8211; Taktik&#8221; der Regierung und der Gemeinden ist menschenunw\u00fcrdig!<\/p>\n<p>Wir fordern darum menschenw\u00fcrdige Wohnungen anstatt unterirdische Ausgrenzungen.<\/p>\n<p>\u00b0\u00b0\u00b0\u00b0\u00b0\u00b0\u00b0\u00b0\u00b0\u00b0\u00b0\u00b0\u00b0\u00b0\u00b0\u00b0\u00b0\u00b0\u00b0\u00b0\u00b0\u00b0\u00b0\u00b0\u00b0\u00b0<wbr \/>\u00b0\u00b0\u00b0\u00b0\u00b0\u00b0\u00b0\u00b0\u00b0\u00b0\u00b0\u00b0\u00b0\u00b0\u00b0\u00b0\u00b0\u00b0\u00b0\u00b0\u00b0\u00b0\u00b0\u00b0\u00b0\u00b0<wbr \/>\u00b0\u00b0\u00b0\u00b0\u00b0\u00b0\u00b0\u00b0\u00b0\u00b0\u00b0\u00b0\u00b0\u00b0\u00b0\u00b0\u00b0\u00b0\u00b0\u00b0\u00b0<\/p>\n<p>die kundgebung wird unterst\u00fctz von diesen organisationen:<\/p>\n<p>kurdischer verein, katholische kirche stadt luzern \u2013 migration integration, JUSO, gr\u00fcne partei, asylnetz luzern, autonome schule luzern, lagota, kollektiv ohne grenzen<\/p>\n","protected":false},"excerpt":{"rendered":"<p>Demonstration against the placement of asylumseekers in underground bunkers. \u062e\u06c6\u067e\u06cc\u0634\u0627\u0646\u062f\u0627\u0646 \u062f\u0698 \u0628\u0647 \u062c\u06ce\u06af\u06cc\u0631\u0643\u0631\u062f\u0646\u06cc \u067e\u0647\u0646\u0627\u0628\u0647\u0631\u0627\u0646 \u0644\u0647 \u0698\u06ce\u0631\u0632\u0647\u0645\u06cc\u0646\u0647\u0643\u0627\u0646\u062f\u0627 Manifestation contre le placement des reque\u0301rant-e-s d\u2019asile dans des bunkers sous terre. \u1230\u120b\u121b\u12ca \u1230\u120d\u134a \u12a3\u1295\u133b\u122d \u121d\u1255\u121b\u1325 \u1213\u1270\u1272 \u12d1\u1255\u1263 \u12a3\u1265 \u1218\u1215\u1265\u12a2 \u1263\u12d3\u1272 \u0645\u0638\u0627\u0647\u0631\u0629\u0636\u062f\u0655\u0627\u0633\u0643\u0627\u0646\u0627\u0627\u0644\u062c\u0654\u064a\u0646\u064a\u064a\u0641 \u0627\u0645\u0644\u062e\u0627\u0628\u0654\u064a \u0627\u0639\u0631\u062a\u0627\u0636 &hellip; <a href=\"https:\/\/www.lagota.ch\/?p=2528\">Continue reading <span class=\"meta-nav\">&rarr;<\/span><\/a><\/p>\n","protected":false},"author":1,"featured_media":0,"comment_status":"closed","ping_status":"open","sticky":false,"template":"","format":"standard","meta":{"footnotes":""},"categories":[13,328,11,406,16,4,681,108],"tags":[66,1148,871,653],"class_list":["post-2528","post","type-post","status-publish","format-standard","hentry","category-antifa","category-antira","category-luzern","category-migration","category-schweiz","category-veranstaltung","category-verdrangung","category-wirtschaftskrise","tag-demo","tag-luzern","tag-no-bunker","tag-vogeligartli"],"_links":{"self":[{"href":"https:\/\/www.lagota.ch\/index.php?rest_route=\/wp\/v2\/posts\/2528","targetHints":{"allow":["GET"]}}],"collection":[{"href":"https:\/\/www.lagota.ch\/index.php?rest_route=\/wp\/v2\/posts"}],"about":[{"href":"https:\/\/www.lagota.ch\/index.php?rest_route=\/wp\/v2\/types\/post"}],"author":[{"embeddable":true,"href":"https:\/\/www.lagota.ch\/index.php?rest_route=\/wp\/v2\/users\/1"}],"replies":[{"embeddable":true,"href":"https:\/\/www.lagota.ch\/index.php?rest_route=%2Fwp%2Fv2%2Fcomments&post=2528"}],"version-history":[{"count":2,"href":"https:\/\/www.lagota.ch\/index.php?rest_route=\/wp\/v2\/posts\/2528\/revisions"}],"predecessor-version":[{"id":2531,"href":"https:\/\/www.lagota.ch\/index.php?rest_route=\/wp\/v2\/posts\/2528\/revisions\/2531"}],"wp:attachment":[{"href":"https:\/\/www.lagota.ch\/index.php?rest_route=%2Fwp%2Fv2%2Fmedia&parent=2528"}],"wp:term":[{"taxonomy":"category","embeddable":true,"href":"https:\/\/www.lagota.ch\/index.php?rest_route=%2Fwp%2Fv2%2Fcategories&post=2528"},{"taxonomy":"post_tag","embeddable":true,"href":"https:\/\/www.lagota.ch\/index.php?rest_route=%2Fwp%2Fv2%2Ftags&post=2528"}],"curies":[{"name":"wp","href":"https:\/\/api.w.org\/{rel}","templated":true}]}}