{"id":2571,"date":"2016-05-20T12:07:39","date_gmt":"2016-05-20T11:07:39","guid":{"rendered":"http:\/\/www.lagota.ch\/?p=2571"},"modified":"2016-05-20T12:23:22","modified_gmt":"2016-05-20T11:23:22","slug":"crsso-v-die-avangarde-schlagt-zuruck-frankreich","status":"publish","type":"post","link":"https:\/\/www.lagota.ch\/?p=2571","title":{"rendered":"Demos, Blockaden und Bullen"},"content":{"rendered":"<div class=\"content\">\n<p><strong>Die Demonstration heute am Donnerstag in Paris war gut besucht, vor allem wenn mensch bedenkt, dass es ja erst am Dienstag einen Aktionstag gegeben hatte. Die Angaben der CGT von 50.000 d\u00fcrften masslos \u00fcbertrieben sein, aber trotzdem&#8230;Landesweit sollen laut Gewerkschaften 400.000 demonstriert haben, die Beh\u00f6rden sprechen von 128.000.<\/strong><\/p>\n<p><a href=\"https:\/\/www.lagota.ch\/wp-content\/uploads\/frankreichaufstand2.jpg\"><img loading=\"lazy\" decoding=\"async\" class=\"alignleft size-full wp-image-2575\" src=\"https:\/\/www.lagota.ch\/wp-content\/uploads\/frankreichaufstand2.jpg\" alt=\"frankreichaufstand2\" width=\"610\" height=\"344\" srcset=\"https:\/\/www.lagota.ch\/wp-content\/uploads\/frankreichaufstand2.jpg 610w, https:\/\/www.lagota.ch\/wp-content\/uploads\/frankreichaufstand2-300x169.jpg 300w\" sizes=\"auto, (max-width: 610px) 100vw, 610px\" \/><\/a><\/p>\n<p>Nach dem in Teilen diskussionsw\u00fcrdigen Angriff auf einen Streifenwagen und dem Fahrer des Wagens gestern schlugen die Wellen der Emp\u00f6rung im b\u00fcrgerlichen Lager hoch. Ministerpr\u00e4sident Valls h\u00f6chstpers\u00f6nlich f\u00fchlte sich bem\u00fcssigt, die Gewerkschaften aufzufordern, daf\u00fcr zu sorgen, dass die <em>Casseurs<\/em> auf den Demos der Gewerkschaften nicht &#8220;weiter ihr Unwesen treiben k\u00f6nnten&#8221;. Die Bullen haben am Mittwoch f\u00fcnf Leute festgenommen, denen sie vorwerfen, an dem Angriff auf den Streifenwagen beteiligt gewesen zu sein.<\/p>\n<p>&nbsp;<\/p>\n<p>Trotzdem, oder gerade wegen der Vorkommnisse der letzten beiden Tage blieben sowohl das Auftreten des Ordnungsdienstes der Gewerkschaften als auch des antagonistischen Blocks heute &#8220;dezenter&#8221; als am Dienstag. Der Ordnungsdienst verzichtete auf das offensive Tragen von Schlagwerkzeugen und <em>der Block <\/em>verzichtete auf direkte, massive Angriffe auf die Bullen w\u00e4hrend der Demo. Trotzdem kam es zu einigen Konfrontationen, bei dem die Bullen reichlich Tr\u00e4nengas einsetzen, besonders nach direkten Aktionen gegen Banken, die an der Wegstrecke lagen. Die Abschlusskundgebung ging dann ebenso wie am Dienstag im Tr\u00e4nengasnebel unter.<\/p>\n<p>&nbsp;<\/p>\n<p>Unterdessen zeigen die Blockadeaktionen der Gewerkschaften, die schwerpunktm\u00e4ssig im Nordosten Frankreichs stattfinden, erste Wirkung. Der Konzern Total gab heute bekannt, dass mittlerweile 70 seiner Tankstellen keinen Sprit mehr verkaufen k\u00f6nnen, weil Raffinerien und Depots blockiert werden. Ebenso kommt es zu strategischen Blockaden von wichtigen Verkehrswegen durch Blockaden von Lastkraftwagenfahrer, auch die H\u00e4fen von Le Havre und Nantes-Saint-Nazaire werden seit Anfang der Woche blockiert.<\/p>\n<p>&nbsp;<\/p>\n<p>Die von der Pr\u00e4fektut verbotene Demo in Nantes, an der sich trotz des Verbotes 2000 Menschen aus verschiedenen Spektren beteiligt hatten, wurde am Ende mit sehr massiven Tr\u00e4negaseinsatz aufgel\u00f6st. Die Bullen nahmen \u00fcber 60 (!) Menschen in der Innenstadt fest, bei den bisherigen Demos in Nantes hatte es immer Festnahmen im einstelligen Bereich gegeben. Auch in Rennes setzte die Bullen Tr\u00e4nengas ein, als es zur Blockade der Umgehungsautobahn durch Leute aus dem nicht-gewerkschaftlichen Spektrum kam.<\/p>\n<p>&nbsp;<\/p>\n<p>Die n\u00e4chsten Aktionstage der Gewerkschaften werden am 26. Mai und 14. Juni stattfinden.<\/p>\n<p>&nbsp;<\/p>\n<p><strong>Bilder<\/strong><\/p>\n<p>&nbsp;<\/p>\n<p>Nantes:<\/p>\n<p>&nbsp;<\/p>\n<p><a title=\"https:\/\/www.youtube.com\/watch?v=GSnqB4iDmtA\" href=\"https:\/\/www.youtube.com\/watch?v=GSnqB4iDmtA\" rel=\"nofollow\">https:\/\/www.youtube.com\/watch?v=GSnqB4iDmtA<\/a><\/p>\n<p><a title=\"https:\/\/www.youtube.com\/watch?v=MtIeUhd0Ofo\" href=\"https:\/\/www.youtube.com\/watch?v=MtIeUhd0Ofo\" rel=\"nofollow\">https:\/\/www.youtube.com\/watch?v=MtIeUhd0Ofo<\/a><\/p>\n<p><a title=\"https:\/\/www.youtube.com\/watch?v=okieOg7xyW8\" href=\"https:\/\/www.youtube.com\/watch?v=okieOg7xyW8\" rel=\"nofollow\">https:\/\/www.youtube.com\/watch?v=okieOg7xyW8<\/a><\/p>\n<p>&nbsp;<\/p>\n<p>Rennes:<\/p>\n<p>&nbsp;<\/p>\n<p><a title=\"http:\/\/www.vincentfeuray.com\/manifestation-contre-la-loi-travail-rennes-le-19-mai-2016\/\" href=\"http:\/\/www.vincentfeuray.com\/manifestation-contre-la-loi-travail-rennes-le-19-mai-2016\/\" rel=\"nofollow\">http:\/\/www.vincentfeuray.com\/manifestation-contre-la-loi-travail-rennes-&#8230;<\/a><\/p>\n<p><a title=\"https:\/\/www.youtube.com\/watch?v=IcCmmZTjdtc\" href=\"https:\/\/www.youtube.com\/watch?v=IcCmmZTjdtc\" rel=\"nofollow\">https:\/\/www.youtube.com\/watch?v=IcCmmZTjdtc<\/a><\/p>\n<p>&nbsp;<\/p>\n<p>Paris:<\/p>\n<p>&nbsp;<\/p>\n<p><a title=\"https:\/\/www.youtube.com\/watch?v=k_30C6XfPUA\" href=\"https:\/\/www.youtube.com\/watch?v=k_30C6XfPUA\" rel=\"nofollow\">https:\/\/www.youtube.com\/watch?v=k_30C6XfPUA<\/a><\/p>\n<p><a title=\"https:\/\/www.youtube.com\/watch?v=8xUHUUK_NZk\" href=\"https:\/\/www.youtube.com\/watch?v=8xUHUUK_NZk\" rel=\"nofollow\">https:\/\/www.youtube.com\/watch?v=8xUHUUK_NZk<\/a><\/p>\n<p><a title=\"https:\/\/www.youtube.com\/watch?v=cATj1RIH31U\" href=\"https:\/\/www.youtube.com\/watch?v=cATj1RIH31U\" rel=\"nofollow\">https:\/\/www.youtube.com\/watch?v=cATj1RIH31U<\/a><\/p>\n<p><a title=\"https:\/\/www.youtube.com\/watch?v=-voOtNl1H_E\" href=\"https:\/\/www.youtube.com\/watch?v=-voOtNl1H_E\" rel=\"nofollow\">https:\/\/www.youtube.com\/watch?v=-voOtNl1H_E<\/a><\/p>\n<p>&nbsp;<\/p>\n<p>Tours:<\/p>\n<p>&nbsp;<\/p>\n<p><a title=\"https:\/\/www.youtube.com\/watch?v=guqvlgO2CuA\" href=\"https:\/\/www.youtube.com\/watch?v=guqvlgO2CuA\" rel=\"nofollow\">https:\/\/www.youtube.com\/watch?v=guqvlgO2CuA<\/a><\/p>\n<p>&nbsp;<\/p>\n<p>Marseille:<\/p>\n<p>&nbsp;<\/p>\n<p><a title=\"https:\/\/www.youtube.com\/watch?v=GQKnECGMzDU\" href=\"https:\/\/www.youtube.com\/watch?v=GQKnECGMzDU\" rel=\"nofollow\">https:\/\/www.youtube.com\/watch?v=GQKnECGMzDU<\/a><\/p>\n<p>&nbsp;<\/p>\n<p>Toulouse:<\/p>\n<p>&nbsp;<\/p>\n<p><a title=\"https:\/\/www.youtube.com\/watch?v=5dgh04OEIcA\" href=\"https:\/\/www.youtube.com\/watch?v=5dgh04OEIcA\" rel=\"nofollow\">https:\/\/www.youtube.com\/watch?v=5dgh04OEIcA<\/p>\n<p><\/a>Quelle: <a href=\"https:\/\/linksunten.indymedia.org\/en\/node\/179501\">https:\/\/linksunten.indymedia.org\/en\/node\/179501<\/a><\/p>\n<\/div>\n","protected":false},"excerpt":{"rendered":"<p>Die Demonstration heute am Donnerstag in Paris war gut besucht, vor allem wenn mensch bedenkt, dass es ja erst am Dienstag einen Aktionstag gegeben hatte. Die Angaben der CGT von 50.000 d\u00fcrften masslos \u00fcbertrieben sein, aber trotzdem&#8230;Landesweit sollen laut Gewerkschaften 400.000 demonstriert haben, die Beh\u00f6rden sprechen von 128.000. <a href=\"https:\/\/www.lagota.ch\/?p=2571\">Continue reading <span class=\"meta-nav\">&rarr;<\/span><\/a><\/p>\n","protected":false},"author":1,"featured_media":0,"comment_status":"closed","ping_status":"open","sticky":false,"template":"","format":"standard","meta":{"footnotes":""},"categories":[14,10,18,681,108],"tags":[1150,892,893],"class_list":["post-2571","post","type-post","status-publish","format-standard","hentry","category-arbeitskampf","category-aus-aller-welt","category-squat-the-world","category-verdrangung","category-wirtschaftskrise","tag-arbeitskampf","tag-cgt","tag-crs"],"_links":{"self":[{"href":"https:\/\/www.lagota.ch\/index.php?rest_route=\/wp\/v2\/posts\/2571","targetHints":{"allow":["GET"]}}],"collection":[{"href":"https:\/\/www.lagota.ch\/index.php?rest_route=\/wp\/v2\/posts"}],"about":[{"href":"https:\/\/www.lagota.ch\/index.php?rest_route=\/wp\/v2\/types\/post"}],"author":[{"embeddable":true,"href":"https:\/\/www.lagota.ch\/index.php?rest_route=\/wp\/v2\/users\/1"}],"replies":[{"embeddable":true,"href":"https:\/\/www.lagota.ch\/index.php?rest_route=%2Fwp%2Fv2%2Fcomments&post=2571"}],"version-history":[{"count":3,"href":"https:\/\/www.lagota.ch\/index.php?rest_route=\/wp\/v2\/posts\/2571\/revisions"}],"predecessor-version":[{"id":2576,"href":"https:\/\/www.lagota.ch\/index.php?rest_route=\/wp\/v2\/posts\/2571\/revisions\/2576"}],"wp:attachment":[{"href":"https:\/\/www.lagota.ch\/index.php?rest_route=%2Fwp%2Fv2%2Fmedia&parent=2571"}],"wp:term":[{"taxonomy":"category","embeddable":true,"href":"https:\/\/www.lagota.ch\/index.php?rest_route=%2Fwp%2Fv2%2Fcategories&post=2571"},{"taxonomy":"post_tag","embeddable":true,"href":"https:\/\/www.lagota.ch\/index.php?rest_route=%2Fwp%2Fv2%2Ftags&post=2571"}],"curies":[{"name":"wp","href":"https:\/\/api.w.org\/{rel}","templated":true}]}}