{"id":2582,"date":"2016-05-31T12:07:53","date_gmt":"2016-05-31T11:07:53","guid":{"rendered":"http:\/\/www.lagota.ch\/?p=2582"},"modified":"2016-05-31T12:07:53","modified_gmt":"2016-05-31T11:07:53","slug":"am-14-juni-2016-nach-paris-zur-landesweiten-grosdemonstration-gegen-die-arbeitsmarktreform","status":"publish","type":"post","link":"https:\/\/www.lagota.ch\/?p=2582","title":{"rendered":"Am 14. Juni 2016 nach Paris zur landesweiten Gro\u00dfdemonstration gegen die Arbeitsmarktreform"},"content":{"rendered":"<p>Am 14. Juni 2016 wird landesweit zu einer Gro\u00dfdemonstration gegen die Arbeitsmarktreform nach Paris mobilisiert. Mit hunderttausenden Menschen darf gerechnet werden. Dass es Stra\u00dfenschlachten mit der Polizei geben wird, ist klar. Neben der Demonstration darf auch mit Aktionen gerechnet werden, z.B. Besetzungen.<\/p>\n<p>Der 14. Juni 2016 wird ein entscheidener Tag f\u00fcr die Protestbewegung in Frankreich sein. Wenn die Demonstration wie erwartet gro\u00df und stark ausfallen wird, wird das den Druck auf die Regierung erh\u00f6hen.<\/p>\n<p>Zeigen wir Solidarit\u00e4t und reisen am 14. Juni nach Paris.<\/p>\n<p>Film &#8211; <a title=\"https:\/\/vimeo.com\/168694997\" href=\"https:\/\/vimeo.com\/168694997\" rel=\"nofollow\">https:\/\/vimeo.com\/168694997<\/a><\/p>\n<p>&nbsp;<\/p>\n<p>Infos auf deutsch gibt es u.a bei <a href=\"https:\/\/linksunten.indymedia.org\/user\/3092\/blog\">Johhny<\/a>, <a href=\"https:\/\/twitter.com\/FrankreichNews\" rel=\"nofollow\">Twitter<\/a> und <a href=\"http:\/\/www.labournet.de\/category\/internationales\/frankreich\/politik-frankreich\/politik-arbeitsgesetz_widerstand\/\" rel=\"nofollow\">Labour<\/a><\/p>\n","protected":false},"excerpt":{"rendered":"<p>Am 14. Juni 2016 wird landesweit zu einer Gro\u00dfdemonstration gegen die Arbeitsmarktreform nach Paris mobilisiert. Mit hunderttausenden Menschen darf gerechnet werden. Dass es Stra\u00dfenschlachten mit der Polizei geben wird, ist klar. Neben der Demonstration darf auch mit Aktionen gerechnet werden, z.B. Besetzungen.<\/p>\n<p>Der 14. Juni 2016 wird ein entscheidener Tag f\u00fcr die Protestbewegung in Frankreich sein. Wenn die Demonstration wie erwartet gro\u00df und stark ausfallen wird, wird das den Druck auf die Regierung erh\u00f6hen. <a href=\"https:\/\/www.lagota.ch\/?p=2582\">Continue reading <span class=\"meta-nav\">&rarr;<\/span><\/a><\/p>\n","protected":false},"author":1,"featured_media":0,"comment_status":"closed","ping_status":"open","sticky":false,"template":"","format":"standard","meta":{"footnotes":""},"categories":[49,14,10,6,18,4,108],"tags":[896,895,448,30],"class_list":["post-2582","post","type-post","status-publish","format-standard","hentry","category-antirep","category-arbeitskampf","category-aus-aller-welt","category-news","category-squat-the-world","category-veranstaltung","category-wirtschaftskrise","tag-arbeitsmarktreform","tag-grossdemonstration","tag-paris","tag-solidaritat"],"_links":{"self":[{"href":"https:\/\/www.lagota.ch\/index.php?rest_route=\/wp\/v2\/posts\/2582","targetHints":{"allow":["GET"]}}],"collection":[{"href":"https:\/\/www.lagota.ch\/index.php?rest_route=\/wp\/v2\/posts"}],"about":[{"href":"https:\/\/www.lagota.ch\/index.php?rest_route=\/wp\/v2\/types\/post"}],"author":[{"embeddable":true,"href":"https:\/\/www.lagota.ch\/index.php?rest_route=\/wp\/v2\/users\/1"}],"replies":[{"embeddable":true,"href":"https:\/\/www.lagota.ch\/index.php?rest_route=%2Fwp%2Fv2%2Fcomments&post=2582"}],"version-history":[{"count":1,"href":"https:\/\/www.lagota.ch\/index.php?rest_route=\/wp\/v2\/posts\/2582\/revisions"}],"predecessor-version":[{"id":2583,"href":"https:\/\/www.lagota.ch\/index.php?rest_route=\/wp\/v2\/posts\/2582\/revisions\/2583"}],"wp:attachment":[{"href":"https:\/\/www.lagota.ch\/index.php?rest_route=%2Fwp%2Fv2%2Fmedia&parent=2582"}],"wp:term":[{"taxonomy":"category","embeddable":true,"href":"https:\/\/www.lagota.ch\/index.php?rest_route=%2Fwp%2Fv2%2Fcategories&post=2582"},{"taxonomy":"post_tag","embeddable":true,"href":"https:\/\/www.lagota.ch\/index.php?rest_route=%2Fwp%2Fv2%2Ftags&post=2582"}],"curies":[{"name":"wp","href":"https:\/\/api.w.org\/{rel}","templated":true}]}}