{"id":2585,"date":"2016-06-09T12:20:30","date_gmt":"2016-06-09T11:20:30","guid":{"rendered":"http:\/\/www.lagota.ch\/?p=2585"},"modified":"2016-06-09T12:20:30","modified_gmt":"2016-06-09T11:20:30","slug":"freiheit-fur-nekane","status":"publish","type":"post","link":"https:\/\/www.lagota.ch\/?p=2585","title":{"rendered":"Freiheit f\u00fcr Nekane!"},"content":{"rendered":"<p>Nekane\u00a0Txapartegi wurde vor zwei Monaten in Z\u00fcrich verhaftet und sitzt seit dem im Gef\u00e4ngnis. der Spanische Folterstaat will ihre Auslieferung, dies weil sie angeschuldigt wird ETA-Mitglied zu sein.<img loading=\"lazy\" decoding=\"async\" class=\"aligncenter size-full wp-image-2465\" src=\"http:\/\/xn--revolutionr-u8a.ch\/wordpress\/wp-content\/uploads\/2016\/06\/13418817_624529044366286_9110320705406055069_n.jpg\" alt=\"Free_Nekane\" width=\"960\" height=\"233\" \/><\/p>\n<p>Nekane musste aufgrund Folter und Verfolgung aus Spanien fl\u00fcchten. Hier ein kleiner Auszug aus einem Interview welches Nekane bez\u00fcglich der Folter in Spanien gab:<\/p>\n<p>\u201eAls ich mich nach drei Tagen verweigerte, wurde die Folter noch heftiger. Ich glaube noch am selben oder n\u00e4chsten Tag sollte ich wieder aussagen. Diesmal lassen sie mich auswendig lernen, was ich sagen soll. Sie sagten mir, du bist die, hast das und das getan und musst den oder jenen beschuldigen. Ich sage dir, die Folterungen waren einfach nicht mehr zum Aushalten, denn es kommt auch die psychologische Folter hinzu. Sie sagten mir, dass sie meine Familie verhaften w\u00fcrden und dass schon einige andere Leute verhaftet worden seien. Ich wusste nicht, wer alles verhaftet wurde. Ich wusste nur, dass ein Freund, Mikel Egibar, dabei war, denn irgendwann f\u00fchrten sie mich zu ihm, um zu sagen, dass er mich f\u00fcr die ETA angeworben habe. Dann haben sie uns in gegen\u00fcberliegenden Zellen bei offenen T\u00fcren gefoltert, so dass wir gegenseitig die Folter des anderen h\u00f6rten. Das Schlimmste war, als sie uns noch die Ultraschallbilder der schwangeren Frau von Mikel gezeigt haben. Sie sagten, wenn ihr nicht aussagt und es gibt eine Fehlgeburt, seid ihr selbst schuld. Und dann fangen sie wieder mit der Folter an. Sie sagen dir, wenn du nicht das sagst was wir wollen, kommst du hier nicht raus. Irgendwann kommt der Augenblick, wo du das alles nicht mehr aushalten kannst.\u201c<\/p>\n<p>Den Ganzen Bericht findet ihr hier:<a href=\"https:\/\/linksunten.indymedia.org\/de\/node\/175594\"> Interview<\/a><\/p>\n<p><strong>Veranstaltung zu Nekanes Fall in Bern: Mittwoch 8.Juni um 20Uhr im Kino der Reitschule<\/p>\n<p>Quelle: <a href=\"http:\/\/revolution\u00e4r.ch\/wordpress\/\" target=\"_blank\">http:\/\/revolution\u00e4r.ch\/wordpress\/<\/a><br \/>\n<\/strong><\/p>\n","protected":false},"excerpt":{"rendered":"<p>Nekane Txapartegi wurde vor zwei Monaten in Z\u00fcrich verhaftet und sitzt seit dem im Gef\u00e4ngnis. der Spanische Folterstaat will ihre Auslieferung, dies weil sie angeschuldigt wird ETA-Mitglied zu sein. <a href=\"https:\/\/www.lagota.ch\/?p=2585\">Continue reading <span class=\"meta-nav\">&rarr;<\/span><\/a><\/p>\n","protected":false},"author":1,"featured_media":0,"comment_status":"closed","ping_status":"open","sticky":false,"template":"","format":"standard","meta":{"footnotes":""},"categories":[10,16,4],"tags":[102,648,104,897,121],"class_list":["post-2585","post","type-post","status-publish","format-standard","hentry","category-aus-aller-welt","category-schweiz","category-veranstaltung","tag-bern","tag-eta","tag-reitschule","tag-spanine","tag-zurich"],"_links":{"self":[{"href":"https:\/\/www.lagota.ch\/index.php?rest_route=\/wp\/v2\/posts\/2585","targetHints":{"allow":["GET"]}}],"collection":[{"href":"https:\/\/www.lagota.ch\/index.php?rest_route=\/wp\/v2\/posts"}],"about":[{"href":"https:\/\/www.lagota.ch\/index.php?rest_route=\/wp\/v2\/types\/post"}],"author":[{"embeddable":true,"href":"https:\/\/www.lagota.ch\/index.php?rest_route=\/wp\/v2\/users\/1"}],"replies":[{"embeddable":true,"href":"https:\/\/www.lagota.ch\/index.php?rest_route=%2Fwp%2Fv2%2Fcomments&post=2585"}],"version-history":[{"count":1,"href":"https:\/\/www.lagota.ch\/index.php?rest_route=\/wp\/v2\/posts\/2585\/revisions"}],"predecessor-version":[{"id":2586,"href":"https:\/\/www.lagota.ch\/index.php?rest_route=\/wp\/v2\/posts\/2585\/revisions\/2586"}],"wp:attachment":[{"href":"https:\/\/www.lagota.ch\/index.php?rest_route=%2Fwp%2Fv2%2Fmedia&parent=2585"}],"wp:term":[{"taxonomy":"category","embeddable":true,"href":"https:\/\/www.lagota.ch\/index.php?rest_route=%2Fwp%2Fv2%2Fcategories&post=2585"},{"taxonomy":"post_tag","embeddable":true,"href":"https:\/\/www.lagota.ch\/index.php?rest_route=%2Fwp%2Fv2%2Ftags&post=2585"}],"curies":[{"name":"wp","href":"https:\/\/api.w.org\/{rel}","templated":true}]}}