{"id":2593,"date":"2016-08-01T10:02:43","date_gmt":"2016-08-01T09:02:43","guid":{"rendered":"http:\/\/www.lagota.ch\/?p=2593"},"modified":"2016-08-02T09:50:59","modified_gmt":"2016-08-02T08:50:59","slug":"demo-in-brunnen","status":"publish","type":"post","link":"https:\/\/www.lagota.ch\/?p=2593","title":{"rendered":"Demo in Brunnen"},"content":{"rendered":"<p><strong>Bunte Demo gegen Rassismus in Brunnen<\/strong><br \/>\n<strong> Hinschauen und Handeln \u2013 Rassist_innen auf dem R\u00fctli die Plattform entziehen!<\/strong><br \/>\n<strong> 6.8.2016 &#8211; 14:15<\/strong><br \/>\n<strong> Bahnhof Brunnen<\/strong><\/p>\n<p>Seit Jahren k\u00f6nnen sich Rechtsradikale und andere Rassist_innen ungest\u00f6rt auf dem R\u00fctli versammeln, ohne dabei auf entschlossene Gegenwehr zu stossen.<\/p>\n<p>Es gibt keinen Grund, dies zu tolerieren \u2013 wenn Nazis sich sicher f\u00fchlen und ungest\u00f6rt treffen k\u00f6nnen, \u00f6ffnet dies weiteren Raum f\u00fcr rassistische Ideen und Taten. Setzen wir dem Verbreiten von menschenverachtendem und r\u00fcckw\u00e4rtsgewandtem Gedankengut ein Ende!<\/p>\n<p>W\u00e4hrend in den St\u00e4dten vermeintliche Stille eingekehrt ist, haben sich Rechtsradikale vermehrt in die l\u00e4ndlichen Gegenden zur\u00fcckgezogen und organisieren sich von dort aus. Setzen wir auch dem ein Ende.<br \/>\nEs ist an uns, den Widerstand selbst zu organisieren. Gehen wir dorthin, wo sich die Rechtsradikalen tats\u00e4chlich treffen und wohlf\u00fchlen \u2013 st\u00f6ren wir ihre Oase der Ruhe.<\/p>\n<p>Keine Nazis in Brunnen und nirgendwo.<br \/>\nRassismus im Alltag erkennen und bek\u00e4mpfen: bleiben wir menschlich.<\/p>\n<p>Wir alle sind gefragt. Lasst uns gemeinsam den Mythos R\u00fctli begraben, denn Kuhwiese bleibt Kuhwiese!<\/p>\n<p>Quelle: <a href=\"http:\/\/ch.indymedia.org\/de\/2016\/06\/97651.shtml\">http:\/\/ch.indymedia.org\/de\/2016\/06\/97651.shtml<\/a><\/p>\n","protected":false},"excerpt":{"rendered":"<p>Bunte Demo gegen Rassismus in Brunnen<br \/>\nHinschauen und Handeln \u2013 Rassist_innen auf dem R\u00fctli die Plattform entziehen!<br \/>\n6.8.2016 &#8211; 14:15<br \/>\nBahnhof Brunnen <a href=\"https:\/\/www.lagota.ch\/?p=2593\">Continue reading <span class=\"meta-nav\">&rarr;<\/span><\/a><\/p>\n","protected":false},"author":1,"featured_media":0,"comment_status":"closed","ping_status":"open","sticky":false,"template":"","format":"standard","meta":{"footnotes":""},"categories":[13,328,16,4],"tags":[903,867,901,902,904],"class_list":["post-2593","post","type-post","status-publish","format-standard","hentry","category-antifa","category-antira","category-schweiz","category-veranstaltung","tag-903","tag-brunnen","tag-mythos-rutli","tag-nazis","tag-rechtsradikale"],"_links":{"self":[{"href":"https:\/\/www.lagota.ch\/index.php?rest_route=\/wp\/v2\/posts\/2593","targetHints":{"allow":["GET"]}}],"collection":[{"href":"https:\/\/www.lagota.ch\/index.php?rest_route=\/wp\/v2\/posts"}],"about":[{"href":"https:\/\/www.lagota.ch\/index.php?rest_route=\/wp\/v2\/types\/post"}],"author":[{"embeddable":true,"href":"https:\/\/www.lagota.ch\/index.php?rest_route=\/wp\/v2\/users\/1"}],"replies":[{"embeddable":true,"href":"https:\/\/www.lagota.ch\/index.php?rest_route=%2Fwp%2Fv2%2Fcomments&post=2593"}],"version-history":[{"count":1,"href":"https:\/\/www.lagota.ch\/index.php?rest_route=\/wp\/v2\/posts\/2593\/revisions"}],"predecessor-version":[{"id":2594,"href":"https:\/\/www.lagota.ch\/index.php?rest_route=\/wp\/v2\/posts\/2593\/revisions\/2594"}],"wp:attachment":[{"href":"https:\/\/www.lagota.ch\/index.php?rest_route=%2Fwp%2Fv2%2Fmedia&parent=2593"}],"wp:term":[{"taxonomy":"category","embeddable":true,"href":"https:\/\/www.lagota.ch\/index.php?rest_route=%2Fwp%2Fv2%2Fcategories&post=2593"},{"taxonomy":"post_tag","embeddable":true,"href":"https:\/\/www.lagota.ch\/index.php?rest_route=%2Fwp%2Fv2%2Ftags&post=2593"}],"curies":[{"name":"wp","href":"https:\/\/api.w.org\/{rel}","templated":true}]}}