{"id":2603,"date":"2016-07-14T13:44:32","date_gmt":"2016-07-14T12:44:32","guid":{"rendered":"http:\/\/www.lagota.ch\/?p=2603"},"modified":"2016-07-14T13:44:32","modified_gmt":"2016-07-14T12:44:32","slug":"geduldsfaden-gerissen","status":"publish","type":"post","link":"https:\/\/www.lagota.ch\/?p=2603","title":{"rendered":"Geduldsfaden gerissen"},"content":{"rendered":"<p><strong>Drogen, Teeniemassen, \u00dcbergriffe: Die Berner Reitschule hat ihre eigene Schliessung verf\u00fcgt, weil sie nicht alle st\u00e4dtischen Probleme ausbaden will.<\/strong><\/p>\n<p>Nachdem die Berner Reitschule am Samstag erkl\u00e4rte, \u00abbis auf Weiteres\u00bb ihre T\u00fcren zu schliessen, w\u00e4re auch der Diskussion um das Kulturzentrum eine vor\u00fcbergehende Pause zu w\u00fcnschen. \u00abHat sich (sic!) in der Berner Reitschule ausgefeiert?\u00bb, fragte sich der \u00abBlick\u00bb, der \u00abBund\u00bb diagnostizierte bei den BetreiberInnen \u00ab\u00dcberforderung\u00bb und \u00abtotale Hilflosigkeit\u00bb, und Thomas Jauch, Kommunikationschef der CVP Schweiz, nutzte auf Twitter die Gelegenheit f\u00fcr den abgelutschten Spruch, es sei jetzt \u00abZeit f\u00fcr eine Umnutzung! An bester Lage der Stadt Bern braucht es einen Neubau (B\u00fcro, Wohnungen, Parkanlage).\u00bb<\/p>\n<p>Sobald es um die Reitschule geht, treffen die Interessen rechter LokalpolitikerInnen auf jene der news- und skandaljagenden Medienh\u00e4user. Die einen brauchen den ewigen Schuldigen, die anderen einen Aufreger im Titel. Die entscheidende Frage, was die BetreiberInnen ausgerechnet jetzt dazu veranlasst hat, die Reitschule vor\u00fcbergehend zu schliessen, ist hingegen von sekund\u00e4rem Interesse.<\/p>\n<p>Nach l\u00e4ngerem Schweigen hat sich die Mediengruppe der Reitschule mittlerweile dazu ge\u00e4ussert, was sie zu dem Schritt bewogen hat: \u00abNamentlich haben sich letzte Freitagnacht mehrere gewaltt\u00e4tige Vorf\u00e4lle im Grossraum Sch\u00fctzenmatte ereignet, bei welchen Menschen in ihrer psychischen und physischen Integrit\u00e4t verletzt worden sind.\u00bb Genaueres will die Mediengruppe \u00abaus Respekt vor der Privatsph\u00e4re\u00bb der Betroffenen nicht sagen. Das Sicherheitspersonal der Reitschule habe sofort Hilfe geleistet, die Personen betreut und professioneller Hilfe \u00fcbergeben, wie es weiter heisst. Was auch immer genau geschehen ist: Es hat dazu gef\u00fchrt, dass den Reitsch\u00fclerInnen der Geduldsfaden gerissen ist.<\/p>\n<p>Die Reitschule hat in der Bundeshauptstadt schon lange soziale Aufgaben \u00fcbernommen, indem sie sich darum k\u00fcmmert, was auf ihrem Vorplatz und dem davor gelegenen Parkplatz Sch\u00fctzenmatte geschieht. Nicht weil ihr diese Aufgabe offiziell zugeteilt wurde\u00a0\u2013 sondern schlicht, weil sich die sozialen Probleme der Stadt Bern vor ihrer Haust\u00fcr sammeln.<\/p>\n<p>Wer schon einmal an einem Freitag- oder Samstagabend auf dem Vorplatz war, kennt die Situation: Im Schnitt 500\u00a0Leute tummeln sich an jedem Wochenendabend aufs Neue vor den T\u00fcren des autonomen Kulturzentrums bis auf die Parkpl\u00e4tze der Sch\u00fctzenmatte: vor allem Jugendliche, aber auch vereinzelt Junkies, Alkis und DealerInnen. Dass es bei so vielen Menschen, ob zugedr\u00f6hnt oder nicht, zu Gewaltausbr\u00fcchen kommen kann, ist nicht verwunderlich. Die BetreiberInnen der Reitschule machen das ihnen M\u00f6gliche, damit es auf dem Vorplatz friedlich bleibt, indem etwa ihr eigener Sicherheitsdienst jeweils auf dem Vorplatz interveniert. Doch sie k\u00f6nnen keineswegs f\u00fcr alles, was in der 500-k\u00f6pfigen Menge draussen geschieht, verantwortlich gemacht werden.<\/p>\n<p>Ebenso wenig wie daf\u00fcr, dass all diese Leute \u00fcberhaupt auf den Vorplatz kommen. Der Drogenhandel hat sich 1998 unter die Br\u00fccke vor der Reitschule verschoben. Die rot-gr\u00fcne Stadtregierung hatte ihn damals durch die Polizeiaktion \u00abCitro\u00bb aus der Innenstadt in Richtung Sch\u00fctzenmatte gedr\u00e4ngt. Die Junkies kommen heute jeweils zum Konsumieren unter die Br\u00fccke, wenn das Fixerst\u00fcbli auf der gegen\u00fcberliegenden Strasse geschlossen ist, die Wartezeiten zu lang sind oder sie dort Hausverbot haben. Schon seit Jahren fordert die Reitschule deswegen eine Entlastung in Form einer zweiten Drogenabgabestelle an einem anderen Ort. Und f\u00fcr die Jugendlichen fehlen in der Stadt R\u00e4umlichkeiten, in denen sie sich ungest\u00f6rt aufhalten k\u00f6nnen. Auf der Strasse scheinen sie f\u00fcr die StadtbewohnerInnen offensichtlich nicht zumutbar, weswegen sie die Polizei von den meisten \u00f6ffentlichen Pl\u00e4tzen vertreibt.<\/p>\n<p>Die selbstverf\u00fcgte Schliessung ist f\u00fcr die Reitschul-AktivistInnen folglich vor allem ein Mittel, um die aufgeheizte Stimmung auf dem Vorplatz abzuk\u00fchlen. Es ist \u00fcbrigens nicht der erste Streik der Reitschule: Der fand im Herbst 1988 statt, als die BetreiberInnen aus Frust \u00fcber den ausufernden Alkoholkonsum anstelle von politischem Engagement einen Bierstreik verordneten und einen Monat lang kein Bier mehr verkauften. Bleibt zu hoffen, dass diesmal die erhitzte Debatte durch die Schliessung wieder n\u00fcchterner wird.<\/p>\n<p>Quelle: <a href=\"http:\/\/www.woz.ch\/-6fa5\">http:\/\/www.woz.ch\/-6fa5<\/a><\/p>\n","protected":false},"excerpt":{"rendered":"<p>Drogen, Teeniemassen, \u00dcbergriffe: Die Berner Reitschule hat ihre eigene Schliessung verf\u00fcgt, weil sie nicht alle st\u00e4dtischen Probleme ausbaden will.  <a href=\"https:\/\/www.lagota.ch\/?p=2603\">Continue reading <span class=\"meta-nav\">&rarr;<\/span><\/a><\/p>\n","protected":false},"author":1,"featured_media":0,"comment_status":"closed","ping_status":"open","sticky":false,"template":"","format":"standard","meta":{"footnotes":""},"categories":[49,6,16,18,108],"tags":[102,104,910,88],"class_list":["post-2603","post","type-post","status-publish","format-standard","hentry","category-antirep","category-news","category-schweiz","category-squat-the-world","category-wirtschaftskrise","tag-bern","tag-reitschule","tag-schliessung","tag-streik"],"_links":{"self":[{"href":"https:\/\/www.lagota.ch\/index.php?rest_route=\/wp\/v2\/posts\/2603","targetHints":{"allow":["GET"]}}],"collection":[{"href":"https:\/\/www.lagota.ch\/index.php?rest_route=\/wp\/v2\/posts"}],"about":[{"href":"https:\/\/www.lagota.ch\/index.php?rest_route=\/wp\/v2\/types\/post"}],"author":[{"embeddable":true,"href":"https:\/\/www.lagota.ch\/index.php?rest_route=\/wp\/v2\/users\/1"}],"replies":[{"embeddable":true,"href":"https:\/\/www.lagota.ch\/index.php?rest_route=%2Fwp%2Fv2%2Fcomments&post=2603"}],"version-history":[{"count":1,"href":"https:\/\/www.lagota.ch\/index.php?rest_route=\/wp\/v2\/posts\/2603\/revisions"}],"predecessor-version":[{"id":2604,"href":"https:\/\/www.lagota.ch\/index.php?rest_route=\/wp\/v2\/posts\/2603\/revisions\/2604"}],"wp:attachment":[{"href":"https:\/\/www.lagota.ch\/index.php?rest_route=%2Fwp%2Fv2%2Fmedia&parent=2603"}],"wp:term":[{"taxonomy":"category","embeddable":true,"href":"https:\/\/www.lagota.ch\/index.php?rest_route=%2Fwp%2Fv2%2Fcategories&post=2603"},{"taxonomy":"post_tag","embeddable":true,"href":"https:\/\/www.lagota.ch\/index.php?rest_route=%2Fwp%2Fv2%2Ftags&post=2603"}],"curies":[{"name":"wp","href":"https:\/\/api.w.org\/{rel}","templated":true}]}}