{"id":2606,"date":"2016-07-21T17:32:18","date_gmt":"2016-07-21T16:32:18","guid":{"rendered":"http:\/\/www.lagota.ch\/?p=2606"},"modified":"2016-07-25T20:26:00","modified_gmt":"2016-07-25T19:26:00","slug":"freiheit-fur-nekane-kundgebung-am-freitag-am-29-juli-2016-in-luzern","status":"publish","type":"post","link":"https:\/\/www.lagota.ch\/?p=2606","title":{"rendered":"Freiheit f\u00fcr Nekane! Kundgebung am Freitag, 29. Juli 2016 in Luzern"},"content":{"rendered":"<p><strong><a href=\"https:\/\/www.lagota.ch\/wp-content\/uploads\/NekaneKund.jpg\"><img loading=\"lazy\" decoding=\"async\" class=\"alignnone size-medium wp-image-2608\" src=\"https:\/\/www.lagota.ch\/wp-content\/uploads\/NekaneKund-212x300.jpg\" alt=\"NekaneKund\" width=\"212\" height=\"300\" srcset=\"https:\/\/www.lagota.ch\/wp-content\/uploads\/NekaneKund-212x300.jpg 212w, https:\/\/www.lagota.ch\/wp-content\/uploads\/NekaneKund-723x1024.jpg 723w\" sizes=\"auto, (max-width: 212px) 100vw, 212px\" \/><\/a>Freiheit f\u00fcr Nekane!<\/strong><\/p>\n<p><strong>Kundgebung am Freitag<\/strong>, am <strong>29. Juli 2016<\/strong> um\u00a0<strong>18:30 Uhr<\/strong><\/p>\n<p>beim <strong>Jesuitenplatz <\/strong>(bei Stadttheater)<strong> Luzern<\/strong><\/p>\n<p>&nbsp;<\/p>\n<p>&nbsp;<\/p>\n<p>Nekane Txapartegi, Baskin und Mutter einer 8-j\u00e4hrigen Tochter, sitzt in Z\u00fcrich in Auslieferungshaft, nachdem sie als demokratisch gew\u00e4hlte Stadtr\u00e4tin aus der baskischen Kleinstadt Asteasu&#8230;<\/p>\n<p>&nbsp;<\/p>\n<ul>\n<li>&#8230;von der spanischen paramilit\u00e4rischen Polizei Guardia Civil 1999 entf\u00fchrt wurde und f\u00fcnf Tage in einer Kontaktsperre vollkommen ausgeliefert war, ohne Kontakt zu einem Anwalt oder Arzt ihres Vertrauens noch zu ihren Angeh\u00f6rigen<\/li>\n<\/ul>\n<p>&nbsp;<\/p>\n<ul>\n<li>&#8230;von der spanischen Polizei brutal <strong>gefoltert und sexuell misshandelt<\/strong> wurde<\/li>\n<\/ul>\n<p>&nbsp;<\/p>\n<ul>\n<li>&#8230;von der spanischen Polizei <strong>gezwungen wurde, ein Gest\u00e4ndnis zu unterzeichnen<\/strong><\/li>\n<\/ul>\n<p>&nbsp;<\/p>\n<ul>\n<li>&#8230; von der spanischen Justiz wegen des unter Folter erzwungenen Gest\u00e4ndnisses<\/li>\n<\/ul>\n<p>in einem Massenprozess zu sechs Jahren und neun Monaten Haft verurteilt wurde<\/p>\n<p>&nbsp;<\/p>\n<ul>\n<li>&#8230;2007 aus Spanien geflohen ist<\/li>\n<\/ul>\n<p>&nbsp;<\/p>\n<p>Der Europ\u00e4ische Gerichtshof f\u00fcr Menschenrechte in Strassburg hat Spanien bereits<\/p>\n<p>acht Mal verurteilt, weil Foltervorw\u00fcrfe nicht untersucht und die Verantwortlichen<\/p>\n<p>nicht angeklagt werden. Das letzte Mal Ende Mai 2016.<\/p>\n<p>&nbsp;<\/p>\n<p>Die Auslieferung von Nekane verst\u00f6sst gegen die von der Schweiz ratifizierte Antifolterkonvention.<\/p>\n<p>&nbsp;<\/p>\n<p><strong>Wir fordern die sofortige Freilassung von Nekane! Nein zur Auslieferung! Free them all!<\/strong><\/p>\n<p><strong>mehr Infos: <a href=\"https:\/\/deref-gmx.net\/mail\/client\/dereferrer\/?redirectUrl=http%3A%2F%2Fwww.freenekane.ch\">www.freenekane.ch<\/a>\u00a0\u00a0\u00a0\u00a0\u00a0\u00a0 Kontakt: <a href=\"mailto:FreeNekaneLuzern@gmx.ch\">FreeNekaneLuzern@gmx.ch<\/a><\/strong><\/p>\n","protected":false},"excerpt":{"rendered":"<p>Freiheit f\u00fcr Nekane!<\/p>\n<p>Kundgebung am Freitag, am 29. Juli 2016 um 18:30 Uhr<\/p>\n<p>beim Jesuitenplatz (bei Stadttheater) Luzern <a href=\"https:\/\/www.lagota.ch\/?p=2606\">Continue reading <span class=\"meta-nav\">&rarr;<\/span><\/a><\/p>\n","protected":false},"author":1,"featured_media":0,"comment_status":"closed","ping_status":"open","sticky":false,"template":"","format":"standard","meta":{"footnotes":""},"categories":[49,10,172,11,4],"tags":[912,737,1148,911,277],"class_list":["post-2606","post","type-post","status-publish","format-standard","hentry","category-antirep","category-aus-aller-welt","category-gefangeneninfos","category-luzern","category-veranstaltung","tag-jesuitenplatz","tag-kundgebung","tag-luzern","tag-nekane","tag-spanien"],"_links":{"self":[{"href":"https:\/\/www.lagota.ch\/index.php?rest_route=\/wp\/v2\/posts\/2606","targetHints":{"allow":["GET"]}}],"collection":[{"href":"https:\/\/www.lagota.ch\/index.php?rest_route=\/wp\/v2\/posts"}],"about":[{"href":"https:\/\/www.lagota.ch\/index.php?rest_route=\/wp\/v2\/types\/post"}],"author":[{"embeddable":true,"href":"https:\/\/www.lagota.ch\/index.php?rest_route=\/wp\/v2\/users\/1"}],"replies":[{"embeddable":true,"href":"https:\/\/www.lagota.ch\/index.php?rest_route=%2Fwp%2Fv2%2Fcomments&post=2606"}],"version-history":[{"count":3,"href":"https:\/\/www.lagota.ch\/index.php?rest_route=\/wp\/v2\/posts\/2606\/revisions"}],"predecessor-version":[{"id":2610,"href":"https:\/\/www.lagota.ch\/index.php?rest_route=\/wp\/v2\/posts\/2606\/revisions\/2610"}],"wp:attachment":[{"href":"https:\/\/www.lagota.ch\/index.php?rest_route=%2Fwp%2Fv2%2Fmedia&parent=2606"}],"wp:term":[{"taxonomy":"category","embeddable":true,"href":"https:\/\/www.lagota.ch\/index.php?rest_route=%2Fwp%2Fv2%2Fcategories&post=2606"},{"taxonomy":"post_tag","embeddable":true,"href":"https:\/\/www.lagota.ch\/index.php?rest_route=%2Fwp%2Fv2%2Ftags&post=2606"}],"curies":[{"name":"wp","href":"https:\/\/api.w.org\/{rel}","templated":true}]}}