{"id":2639,"date":"2016-10-17T12:08:01","date_gmt":"2016-10-17T11:08:01","guid":{"rendered":"http:\/\/www.lagota.ch\/?p=2639"},"modified":"2016-10-19T15:25:46","modified_gmt":"2016-10-19T14:25:46","slug":"grosstes-rechtsrock-konzert-der-schweiz-neonazis-feiern-im-beschaulichen-toggenburg","status":"publish","type":"post","link":"https:\/\/www.lagota.ch\/?p=2639","title":{"rendered":"Gr\u00f6sstes Rechtsrock-Konzert der Schweiz \u2013 Neonazis feiern im beschaulichen Toggenburg"},"content":{"rendered":"<p><em>Update: Bei der in der Medienmitteilung genannten Besucherzahl handelte es sich um eine erste Sch\u00e4tzung. Mittlerweile ist best\u00e4tigt, dass \u00fcber 5\u2019000 Neonazis aus ganz Europa am Anlass teilgenommen haben. Es handelt sich somit um den gr\u00f6ssten Neonazi-Anlass \u00fcberhaupt, der jemals in der Schweiz stattgefunden hat.<\/em><\/p>\n<p>In der Nacht vom 15. auf den 16. Oktober wohnten weit \u00fcber 1000 Neonazis aus ganz Europa Konzerten von sechs Rechtsrock-Bands bei.<\/p>\n<p><a href=\"https:\/\/www.lagota.ch\/wp-content\/uploads\/Konzert_2016-10-15_Alt-St-Johann.jpg\"><img loading=\"lazy\" decoding=\"async\" class=\"alignnone size-medium wp-image-2641\" src=\"https:\/\/www.lagota.ch\/wp-content\/uploads\/Konzert_2016-10-15_Alt-St-Johann-300x168.jpg\" alt=\"Konzert_2016-10-15_Alt-St-Johann\" width=\"300\" height=\"168\" srcset=\"https:\/\/www.lagota.ch\/wp-content\/uploads\/Konzert_2016-10-15_Alt-St-Johann-300x168.jpg 300w, https:\/\/www.lagota.ch\/wp-content\/uploads\/Konzert_2016-10-15_Alt-St-Johann.jpg 960w\" sizes=\"auto, (max-width: 300px) 100vw, 300px\" \/><\/a>Bereits Monate im Voraus riefen die Veranstalter_innen \u00fcber die sozialen Medien zum Konzertabend auf, welcher urspr\u00fcnglich im Raum S\u00fcddeutschland angek\u00fcndigt worden war.<br \/>\nIn der vergangenen Woche verdichteten sich jedoch die Hinweise, dass das Konzert in der Schweiz stattfinden w\u00fcrde.<\/p>\n<p>Das Lineup, welchem von Beginn weg die Gr\u00f6ssen der Szene zu entnehmen war, wuchs in den letzten Tagen um einige prominente Namen an. So spielten am diesem\u00a0Abend folgende Bands:<br \/>\nStahlgewitter (DE), Frontalkraft (DE), Confident of Victory (DE), Exzess (DE), Makss Damage (DE), und <a title=\"Amok\" href=\"http:\/\/info.antifa.ch\/amok\/\">Amok<\/a> (CH).<\/p>\n<p>Die Organisator_innen aus dem Umfeld der internationalen Neonazi-Organisation <a href=\"https:\/\/info.antifa.ch\/blood-honour\/\">Blood&amp;Honour<\/a> (B&amp;H) br\u00fcsteten sich bereits lange im Voraus damit, dass der Veranstaltungsort sicher sei und dass sie seit letztem Mittwoch am Aufstellen der Infrastruktur w\u00e4ren. Es ist anzunehmen, dass der vorbestrafte S\u00e4nger der Schweizer Band Amok, Kevin Gutmann, in die Organisation involviert ist. Er ist aktives Mitglied der Z\u00fcrcher Sektion von B&amp;H und unterh\u00e4lt gute Kontakte zu Gleichgesinnten im In- und Ausland.<\/p>\n<p>Unsere Recherche hat ergeben, dass das Konzert in der umgebauten Tennis- und Eventhalle in Unterwasser (Gemeinde Wildhaus\/Alt St. Johann (SG)) stattgefunden hat. Die Region scheint f\u00fcr die Neonazis sicheres Gebiet zu sein: Bereits 2013 organisierte die Z\u00fcrcher B&amp;H-Sektion im nahegelegenen Ebnat-Kappel (SG) ein <a href=\"http:\/\/switzerland.indymedia.org\/de\/2013\/09\/90484.shtml\">Gedenkkonzert<\/a> mit mehreren hundert Teilnehmenden.<\/p>\n<p>Obwohl die Beh\u00f6rden Kenntnis des Anlasses hatten, konnten die Konzerte ohne weitere Schwierigkeiten \u00fcber die B\u00fchne gehen. Auf Anfrage verwies die zust\u00e4ndige Polizeibeh\u00f6rde lediglich auf die in Aussicht gestellte Medienmitteilung vom Sonntag. Erstaunlich in diesem Zusammenhang ist auch, dass eine so grosse Anzahl Rechtsextremisten \u2013 teils in Reisecars \u2013 derart problemlos in die Schweiz einreisen konnte. Auch die zust\u00e4ndige Ansprechperson der Lokalit\u00e4t wollte sich nicht weiter zum einschl\u00e4gigen Klientel \u00e4ussern.<\/p>\n<p>Es ist festzuhalten, dass es sich bei diesem Konzert um eines der gr\u00f6ssten Neonazi-Events handelt, welches in der Schweiz je stattgefunden hat. Die Besucher_innen reisten eigens daf\u00fcr aus ganz Europa an.<br \/>\nInsbesondere Konzerte dienen der extremen Rechten als Vernetzungsplattform, der Rekrutierung von Nachwuchs und zur Finanzierung ihrer Strukturen. An solchen Anl\u00e4ssen wird durch das Ticketing, den Verkauf von Merchandiseartikeln und den Absatz\u00a0 \u00a0\u2013 teilweise indizierter \u2013 Tontr\u00e4ger viel Geld generiert. Bei einem Anlass dieser Gr\u00f6sse kann von mehreren 10\u2019000 Franken Gewinn ausgegangen werden.<\/p>\n<p>Die Schweiz gilt in der rechtsextremen Szene seit Jahren als Konzertparadies: War der Aufschrei nach dem aufgedeckten <a href=\"http:\/\/ch.indymedia.org\/de\/2005\/10\/35439.shtml\">Neonazikonzert 2005 im Crazy Palace (VS)<\/a> (medial) noch immens, hat sich in den letzten Jahren kaum mehr jemand daf\u00fcr interessiert, dass sich die extreme Rechte Europas immer wieder zum Stell-dich-ein in der Schweiz trifft. Obwohl verdeckte Aufnahmen des Konzertes 2005 beweisen, dass es dabei oft\u00a0 zu Verst\u00f6ssen gegen das Antirassismusgesetz kommt, sehen Beh\u00f6rden und Politik offenbar keinen Anlass, rechtsextreme Konzerte zu verhindern.<\/p>\n<p><em>Antifa Bern<\/em><\/p>\n","protected":false},"excerpt":{"rendered":"<p>Bei der in der Medienmitteilung genannten Besucherzahl handelte es sich um eine erste Sch\u00e4tzung. Mittlerweile ist best\u00e4tigt, dass \u00fcber 5\u2019000 Neonazis aus ganz Europa am Anlass teilgenommen haben. Es handelt sich somit um den gr\u00f6ssten Neonazi-Anlass \u00fcberhaupt, der jemals in der Schweiz stattgefunden hat. <a href=\"https:\/\/www.lagota.ch\/?p=2639\">Continue reading <span class=\"meta-nav\">&rarr;<\/span><\/a><\/p>\n","protected":false},"author":1,"featured_media":0,"comment_status":"closed","ping_status":"open","sticky":false,"template":"","format":"standard","meta":{"footnotes":""},"categories":[13,328,16],"tags":[923,173,924],"class_list":["post-2639","post","type-post","status-publish","format-standard","hentry","category-antifa","category-antira","category-schweiz","tag-konzert","tag-neonazis","tag-toggenburg"],"_links":{"self":[{"href":"https:\/\/www.lagota.ch\/index.php?rest_route=\/wp\/v2\/posts\/2639","targetHints":{"allow":["GET"]}}],"collection":[{"href":"https:\/\/www.lagota.ch\/index.php?rest_route=\/wp\/v2\/posts"}],"about":[{"href":"https:\/\/www.lagota.ch\/index.php?rest_route=\/wp\/v2\/types\/post"}],"author":[{"embeddable":true,"href":"https:\/\/www.lagota.ch\/index.php?rest_route=\/wp\/v2\/users\/1"}],"replies":[{"embeddable":true,"href":"https:\/\/www.lagota.ch\/index.php?rest_route=%2Fwp%2Fv2%2Fcomments&post=2639"}],"version-history":[{"count":5,"href":"https:\/\/www.lagota.ch\/index.php?rest_route=\/wp\/v2\/posts\/2639\/revisions"}],"predecessor-version":[{"id":2645,"href":"https:\/\/www.lagota.ch\/index.php?rest_route=\/wp\/v2\/posts\/2639\/revisions\/2645"}],"wp:attachment":[{"href":"https:\/\/www.lagota.ch\/index.php?rest_route=%2Fwp%2Fv2%2Fmedia&parent=2639"}],"wp:term":[{"taxonomy":"category","embeddable":true,"href":"https:\/\/www.lagota.ch\/index.php?rest_route=%2Fwp%2Fv2%2Fcategories&post=2639"},{"taxonomy":"post_tag","embeddable":true,"href":"https:\/\/www.lagota.ch\/index.php?rest_route=%2Fwp%2Fv2%2Ftags&post=2639"}],"curies":[{"name":"wp","href":"https:\/\/api.w.org\/{rel}","templated":true}]}}