{"id":2659,"date":"2016-11-04T22:44:19","date_gmt":"2016-11-04T21:44:19","guid":{"rendered":"http:\/\/www.lagota.ch\/?p=2659"},"modified":"2016-11-04T22:45:05","modified_gmt":"2016-11-04T21:45:05","slug":"der-kranke-mann-am-bosporus-muss-weg","status":"publish","type":"post","link":"https:\/\/www.lagota.ch\/?p=2659","title":{"rendered":"Der kranke Mann am Bosporus muss weg"},"content":{"rendered":"<p><strong>Solidarit\u00e4tskomitee Rojava &#8211; Luzern<br \/>\nNewsletter 15<\/strong><\/p>\n<p>In der Nacht auf Freitag ist in der T\u00fcrkei der wichtigste Oppositionspolitiker des Landes verhaftet worden: Selahattin Demirtas droht eine Verurteilung zu 500 Jahren Haft. Mit ihm ist auch die andere Co-Vorsitzende der linken und prokurdischen Partei HDP, Figen Y\u00fcksekdag, und eine Reihe weiterer gew\u00e4hlter linker und demokratischer PolitikerInnen verhaftet worden.\u00a0In den folgenden Stunden und Tagen werden vermutlich unz\u00e4hlige weitere Parteimitglieder verhaftet werden. Die bedeutendste Oppositionspartei der T\u00fcrkei soll vernichtet werden.<\/p>\n<p>Wo gab es das das letzte Mal, dass die wichtigsten Demokraten und Linken direkt im Kerker landeten? Erinnerungen an Deutschland 1933 und an Chile 1973 werden unweigerlich wach. Die T\u00fcrkei ist zu einer faschistischen Diktatur geworden, wo bekannte und unbekannte Menschen verhaftet, gefoltert und get\u00f6tet werden, weil sie sich f\u00fcr Gleichberechtigung und Emanzipation einsetzen.<\/p>\n<p>Die neuste Verhaftungswelle ist allerdings nur ein neuer H\u00f6hepunkt der Politik, die der t\u00fcrkische Pr\u00e4sident Recep Erdogan seit mehr als einem Jahr in den kurdischen Gebieten der T\u00fcrkei verfolgt. In den St\u00e4dten und D\u00f6rfern der kurdischen Stammlanden sind Menschenrechte und demokratische Grundrechte laufend ausser Kraft gesetzt worden. In diversen St\u00e4dten sind in den letzten Monaten HDP-B\u00fcrgermeisterInnen abgesetzt und durch eine Zwangsverwaltung ersetzt worden. Menschen werden willk\u00fcrlich verhaftet, H\u00e4user geschleift und Quartiere unbewohnbar gemacht. Die Regierung von Ankara hat den B\u00fcrgerkrieg bewusst gesucht und entfesselt.<\/p>\n<p>Umso verr\u00fcckter ist es, dass gestern Donnerstag der t\u00fcrkische Aussenminister in Bern zu Besuch bei Aussenminister Didier Burkhalter war und vom Bundesrat eine Plattform erhielt f\u00fcr seine L\u00fcgen gegen die linke, kurdische Bewegung. Bis heute ist nie ein offizielles Statement des Bundesrates gegen die t\u00fcrkische Kriegspolitik erfolgt.<\/p>\n<p>&nbsp;<\/p>\n<p>Noch stossender ist die Haltung der EU. Erdogan weiss, dass er schalten und walten kann, wie er will, weil er f\u00fcr die EU das &#8220;syrische Fl\u00fcchtlingsproblem l\u00f6st&#8221;. Das heisst: Nicht nur die syrischen Fl\u00fcchtlinge, die in den Lagern in der T\u00fcrkei unter erb\u00e4rmlichsten Bedingungen leben m\u00fcssen, sind Opfer der feigen Politik der EU. Die feige EU-Politik macht auch den Krieg gegen die KurdInnen m\u00f6glich.<br \/>\nVerfolgt von Erdogan, verraten von der EU: Jetzt braucht es starke Signale, jetzt braucht es die internationale Solidarit\u00e4t mit dem Widerstand der Kurdinnen und Kurden. Beteilige dich auch du an Aktionen und Demonstrationen. Am Freitag demonstrierten mehrere hundert Personen in Bern, am Samstag, 5. November, startet um 14 Uhr auf dem Z\u00fcrcher Helvetiaplatz eine Demo. Weitere Aktionen und Demonstrationen werden sicher folgen. Wir halten dich auf dem Laufenden.<\/p>\n<p>&nbsp;<\/p>\n<p>Der kranke Mann am Bosporus muss gestoppt werden, Erdogan muss weg, besser heute als morgen!<\/p>\n<p>&nbsp;<\/p>\n<p>Sendehinweis: Heute strahlte der Radiosender SRF 2 &#8211; Kultur eine Reportage \u00fcber die staatliche Vertreibungs- und Kriegspolitik in Diyarbarkir, der kurdischen Hauptstadt in der T\u00fcrkei, aus. Zu h\u00f6ren unter:\u00a0<a href=\"http:\/\/www.srf.ch\/sendungen\/passage\/wie-diyarbakir-zerstoert-wird\">http:\/\/www.srf.ch\/sendungen\/passage\/wie-diyarbakir-zerstoert-wird<\/p>\n<p><\/a><\/p>\n","protected":false},"excerpt":{"rendered":"<p>In der Nacht auf Freitag ist in der T\u00fcrkei der wichtigste Oppositionspolitiker des Landes verhaftet worden: Selahattin Demirtas droht eine Verurteilung zu 500 Jahren Haft. Mit ihm ist auch die andere Co-Vorsitzende der linken und prokurdischen Partei HDP, Figen Y\u00fcksekdag, und eine Reihe weiterer gew\u00e4hlter linker und demokratischer PolitikerInnen verhaftet worden. In den folgenden Stunden und Tagen werden vermutlich unz\u00e4hlige weitere Parteimitglieder verhaftet werden. Die bedeutendste Oppositionspartei der T\u00fcrkei soll vernichtet werden. <a href=\"https:\/\/www.lagota.ch\/?p=2659\">Continue reading <span class=\"meta-nav\">&rarr;<\/span><\/a><\/p>\n","protected":false},"author":1,"featured_media":0,"comment_status":"closed","ping_status":"open","sticky":false,"template":"","format":"standard","meta":{"footnotes":""},"categories":[14,10,6,16],"tags":[552,932,859,112,447],"class_list":["post-2659","post","type-post","status-publish","format-standard","hentry","category-arbeitskampf","category-aus-aller-welt","category-news","category-schweiz","tag-erdogan","tag-faschismus","tag-hdp","tag-opposition","tag-turkei"],"_links":{"self":[{"href":"https:\/\/www.lagota.ch\/index.php?rest_route=\/wp\/v2\/posts\/2659","targetHints":{"allow":["GET"]}}],"collection":[{"href":"https:\/\/www.lagota.ch\/index.php?rest_route=\/wp\/v2\/posts"}],"about":[{"href":"https:\/\/www.lagota.ch\/index.php?rest_route=\/wp\/v2\/types\/post"}],"author":[{"embeddable":true,"href":"https:\/\/www.lagota.ch\/index.php?rest_route=\/wp\/v2\/users\/1"}],"replies":[{"embeddable":true,"href":"https:\/\/www.lagota.ch\/index.php?rest_route=%2Fwp%2Fv2%2Fcomments&post=2659"}],"version-history":[{"count":2,"href":"https:\/\/www.lagota.ch\/index.php?rest_route=\/wp\/v2\/posts\/2659\/revisions"}],"predecessor-version":[{"id":2661,"href":"https:\/\/www.lagota.ch\/index.php?rest_route=\/wp\/v2\/posts\/2659\/revisions\/2661"}],"wp:attachment":[{"href":"https:\/\/www.lagota.ch\/index.php?rest_route=%2Fwp%2Fv2%2Fmedia&parent=2659"}],"wp:term":[{"taxonomy":"category","embeddable":true,"href":"https:\/\/www.lagota.ch\/index.php?rest_route=%2Fwp%2Fv2%2Fcategories&post=2659"},{"taxonomy":"post_tag","embeddable":true,"href":"https:\/\/www.lagota.ch\/index.php?rest_route=%2Fwp%2Fv2%2Ftags&post=2659"}],"curies":[{"name":"wp","href":"https:\/\/api.w.org\/{rel}","templated":true}]}}