{"id":2662,"date":"2016-11-09T10:22:37","date_gmt":"2016-11-09T09:22:37","guid":{"rendered":"http:\/\/www.lagota.ch\/?p=2662"},"modified":"2016-11-09T10:22:37","modified_gmt":"2016-11-09T09:22:37","slug":"ende-von-demokratie","status":"publish","type":"post","link":"https:\/\/www.lagota.ch\/?p=2662","title":{"rendered":"Ende von Demokratie"},"content":{"rendered":"<p>Der US-Autor Francis Fukuyama verk\u00fcndete nach dem Zerfall der Sowjetunion 1992 das \u00bbEnde der Geschichte\u00ab. Bis dahin galt dieses \u00bbPosthistoire\u00ab als ideologischer Ladenh\u00fcter des feudalen Konservatismus nach 1789. Als \u00bbUntergang des Abendlandes\u00ab wurde es nach dem Ersten Weltkrieg popul\u00e4r und eine Komponente beim Aufstieg des deutschen Faschismus. Fukuyama missverstand seine Version als fortschrittlich. F\u00fcr ihn war \u00bbEnde der Geschichte\u00ab Resultat der Entwicklung politischer Systeme hin zur \u00bbliberalen Demokratie\u00ab. Sie sei nach dem Sieg \u00fcber den Faschismus 1945 und der \u00dcberwindung des Kommunismus am 9. November 1989, dem Tag der DDR-Grenz\u00f6ffnung, als einzige noch attraktiv.<\/p>\n<p>Der Mann hat sich nicht geirrt, allerdings in einem anderen Sinn, als er dachte. Nicht nur ist jeder US-Pr\u00e4sidentschaftswahlkampf eine Gefahr f\u00fcr den Weltfrieden, wie eine Formel von Diplomaten sozialistischer Staaten im Kalten Krieg lautete, es sind die Eigentums- und Machtverh\u00e4ltnisse der USA selbst, ihr milit\u00e4rischer und ihr elektronischer Zugriff auf die Weltbev\u00f6lkerung, die Frieden und Existenz der Menschheit bedrohen. Das Personal ist entsprechend: Will irgend jemand einen US-Politiker in der N\u00e4he des Atomknopfs haben, von Hillary Clinton und Donald Trump zu schweigen? \u00bbLiberale Demokratie\u00ab, in den USA eine Oligarchie, das ist seit dem 9. November 1989 globaler Staatsterrorismus mit der Tendenz zum Weltkrieg.<\/p>\n<div class=\"row Anzeige Ad-300\">\n<div class=\"portfolio-item\">Barack Obama wurde 2008 von einer Massenbewegung ins Wei\u00dfe Haus gew\u00e4hlt. Eine Ausnahme. Wer damals allerdings z.\u2009B. in dieser Zeitung darauf hinwies, dass das weder in Innen- noch Au\u00dfenpolitik der USA zu grundlegenden \u00c4nderungen f\u00fchren werde, wurde des \u00f6fteren mit b\u00f6sen S\u00e4tzen bedacht. Der Friedensnobelpreistr\u00e4ger von 2009 verabschiedet sich nun als US-Pr\u00e4sident mit den Kriegen, die er von seinem Vorg\u00e4nger \u00fcbernahm, also allen, und denen, die er hinzuf\u00fcgte. Er tritt ab mit verst\u00e4rkter Einkreisung Russlands und Chinas, mit der \u00bbModernisierung\u00ab genannten Schaffung neuartiger Atomwaffen und mit einer NATO-Doktrin, f\u00fcr die Moskau wieder Erstschlagziel ist. Er wiederholte k\u00fcrzlich, die USA blieben die \u00bbunerl\u00e4ssliche\u00ab Nation der Welt. Das ist die Formel f\u00fcr Faust- statt V\u00f6lkerrecht, f\u00fcr Erpressung statt UN-Charta, f\u00fcr Kriegshetze statt Realismus. Er hat das Pulverfass bis zum Rand gef\u00fcllt.<\/div>\n<\/div>\n<p>Wer ihm nachfolgt, wird alles daran setzen, in diesem Sinn \u00bbAmerica great\u00ab bleiben zu lassen. Die Behauptung, es m\u00fcsse das \u00bbwieder\u00ab, \u00bbagain\u00ab, werden, entspricht dem Nonsens von \u00bbVolksaufl\u00f6sung\u00ab und \u00bbIslamisierung\u00ab hierzulande. Das \u00bbPosthistoire\u00ab wird nun als \u00bbPostfaktisches\u00ab angeboten, einem Synonym f\u00fcrs Ende von Demokratie. An deren Stelle tritt wechselseitige T\u00e4uschung beachtlicher Teile der Bev\u00f6lkerung unter Aufsicht kalifornischer Internetkonzerne. Geblieben sind allerdings Geschichte und Tatsachen. Nur sie, insbesondere solche Fakten, wie sie Russland z.\u2009B. in Syrien geschaffen hat, nimmt der milit\u00e4risch-industrielle Komplex der USA zur Kenntnis.<\/p>\n<p>Quelle: <a href=\"http:\/\/www.jungewelt.de\/2016\/11-09\/037.php\">http:\/\/www.jungewelt.de\/2016\/11-09\/037.php<\/a><\/p>\n","protected":false},"excerpt":{"rendered":"<p>Der US-Autor Francis Fukuyama verk\u00fcndete nach dem Zerfall der Sowjetunion 1992 das \u00bbEnde der Geschichte\u00ab. Bis dahin galt dieses \u00bbPosthistoire\u00ab als ideologischer Ladenh\u00fcter des feudalen Konservatismus nach 1789. Als \u00bbUntergang des Abendlandes\u00ab wurde es nach dem Ersten Weltkrieg popul\u00e4r und eine Komponente beim Aufstieg des deutschen Faschismus. Fukuyama missverstand seine Version als fortschrittlich. F\u00fcr ihn war \u00bbEnde der Geschichte\u00ab Resultat der Entwicklung politischer Systeme hin zur \u00bbliberalen Demokratie\u00ab. Sie sei nach dem Sieg \u00fcber den Faschismus 1945 und der \u00dcberwindung des Kommunismus am 9. November 1989, dem Tag der DDR-Grenz\u00f6ffnung, als einzige noch attraktiv. <a href=\"https:\/\/www.lagota.ch\/?p=2662\">Continue reading <span class=\"meta-nav\">&rarr;<\/span><\/a><\/p>\n","protected":false},"author":1,"featured_media":0,"comment_status":"closed","ping_status":"open","sticky":false,"template":"","format":"standard","meta":{"footnotes":""},"categories":[13,10,108],"tags":[38,933,934,257],"class_list":["post-2662","post","type-post","status-publish","format-standard","hentry","category-antifa","category-aus-aller-welt","category-wirtschaftskrise","tag-demokratie","tag-obama","tag-trump","tag-usa"],"_links":{"self":[{"href":"https:\/\/www.lagota.ch\/index.php?rest_route=\/wp\/v2\/posts\/2662","targetHints":{"allow":["GET"]}}],"collection":[{"href":"https:\/\/www.lagota.ch\/index.php?rest_route=\/wp\/v2\/posts"}],"about":[{"href":"https:\/\/www.lagota.ch\/index.php?rest_route=\/wp\/v2\/types\/post"}],"author":[{"embeddable":true,"href":"https:\/\/www.lagota.ch\/index.php?rest_route=\/wp\/v2\/users\/1"}],"replies":[{"embeddable":true,"href":"https:\/\/www.lagota.ch\/index.php?rest_route=%2Fwp%2Fv2%2Fcomments&post=2662"}],"version-history":[{"count":1,"href":"https:\/\/www.lagota.ch\/index.php?rest_route=\/wp\/v2\/posts\/2662\/revisions"}],"predecessor-version":[{"id":2663,"href":"https:\/\/www.lagota.ch\/index.php?rest_route=\/wp\/v2\/posts\/2662\/revisions\/2663"}],"wp:attachment":[{"href":"https:\/\/www.lagota.ch\/index.php?rest_route=%2Fwp%2Fv2%2Fmedia&parent=2662"}],"wp:term":[{"taxonomy":"category","embeddable":true,"href":"https:\/\/www.lagota.ch\/index.php?rest_route=%2Fwp%2Fv2%2Fcategories&post=2662"},{"taxonomy":"post_tag","embeddable":true,"href":"https:\/\/www.lagota.ch\/index.php?rest_route=%2Fwp%2Fv2%2Ftags&post=2662"}],"curies":[{"name":"wp","href":"https:\/\/api.w.org\/{rel}","templated":true}]}}